{"id":523179,"date":"2025-10-24T11:28:13","date_gmt":"2025-10-24T11:28:13","guid":{"rendered":"https:\/\/www.europesays.com\/de\/523179\/"},"modified":"2025-10-24T11:28:13","modified_gmt":"2025-10-24T11:28:13","slug":"deniz-undav-wird-bei-stuttgart-gastspiel-in-istanbul-uebel-beschimpft","status":"publish","type":"post","link":"https:\/\/www.europesays.com\/de\/523179\/","title":{"rendered":"Deniz Undav wird bei Stuttgart-Gastspiel in Istanbul \u00fcbel beschimpft"},"content":{"rendered":"<p class=\"tspB7m1 tspB7m2\">Vielleicht ahnte Deniz Undav schon, was ihn in Istanbul erwarten w\u00fcrde. Und leider sollte sich <a href=\"https:\/\/www.tagesspiegel.de\/sport\/ein-besonderes-spiel-fur-den-vfb-sturmer-in-istanbul-die-vielen-lugengeschichten-uber-deniz-undav-14617475.html?icid=in-text-link_14649239\" class=\"link link--internal\" data-gtm-class=\"article-text-link\" data-gtm-val=\"internal\" target=\"_blank\" rel=\"noopener\">diese Bef\u00fcrchtungen<\/a> bewahrheiten. Das <a href=\"https:\/\/www.tagesspiegel.de\/sport\/dauerpfiffe-fur-vfb-profis-stuttgart-verliert-in-der-europa-league-in-istanbul-14646152.html?icid=in-text-link_14649239\" class=\"link link--internal\" data-gtm-class=\"article-text-link\" data-gtm-val=\"internal\" target=\"_blank\" rel=\"noopener\">Europa-League-Spiel zwischen Fenerbahce und dem VfB Stuttgart (1:0<\/a>) wurde f\u00fcr den Stuttgarter St\u00fcrmer zu einem regelrechten Spie\u00dfrutenlauf. <\/p>\n<p class=\"tspB7m1\">Nach Angaben mehrerer Beobachter und in zahlreichen Social-Media-Beitr\u00e4gen war Undav w\u00e4hrend der Partie rassistischen Beschimpfungen und Anfeindungen ausgesetzt, von Teilen des Publikums und offenbar auch von einzelnen Fenerbah\u00e7e-Spielern. Auf Videos sind Sprechch\u00f6re aus dem Publikum zu h\u00f6ren, in denen Fans auf obsz\u00f6ne Weise seine Mutter beleidigen.<\/p>\n<p>Wochenende-Newsletter: F\u00fcr Ihre Auszeit vom Alltag<\/p>\n<p><img decoding=\"async\" src=\"https:\/\/www.europesays.com\/de\/wp-content\/uploads\/2025\/04\/hangematte-1.png\" alt=\"\" class=\"tspCKg7\"\/><\/p>\n<p class=\"tspCKoc\"> Entspannen Sie sich \u2013 und lassen Sie sich inspirieren: von exklusiven Reportagen, tiefgr\u00fcndigen Analysen und besonderen Kulinarik- und Reisetipps. <\/p>\n<p class=\"tspB7m1\">Was im Stadion geschah, ist dabei nichts Neues f\u00fcr Undav. Schon seit Monaten ist der deutsche Fu\u00dfball-Nationalspieler mit kurdisch-jesidischen Wurzeln Zielscheibe rassistischer Angriffe, vor allem in den sozialen Medien. Ausl\u00f6ser daf\u00fcr waren seine \u00f6ffentlichen Aussagen \u00fcber seine kurdische Identit\u00e4t. Undav hatte sich im vergangenen Jahr dagegen verwahrt, als \u201et\u00fcrkischer Spieler\u201c bezeichnet zu werden, und erkl\u00e4rt, er sei Kurde.<\/p>\n<p class=\"tspB7m1\">Auch <a href=\"https:\/\/www.tagesspiegel.de\/sport\/nerv-mich-nicht-was-soll-der-schwachsinn-deniz-undav-vom-vfb-stuttgart-will-doch-nur-feiern-13752034.html?icid=in-text-link_14649239\" class=\"link link--internal\" data-gtm-class=\"article-text-link\" data-gtm-val=\"internal\" target=\"_blank\" rel=\"noopener\">seine Entscheidung, f\u00fcr Deutschland und nicht f\u00fcr die T\u00fcrkei zu spielen<\/a>, l\u00f6ste heftige Reaktionen aus. \u201eIch wusste, dass ich bei zwei, drei schlechten Spielen f\u00fcr die T\u00fcrkei komplett durchbeleidigt worden w\u00e4re\u201c, sagte er damals.<\/p>\n<p> Ein neuer H\u00f6hepunkt der Anfeindungen <\/p>\n<p class=\"tspB7m1\">Er sollte recht behalten. Unter Beitr\u00e4gen \u00fcber ihn finden sich Kommentare, in denen er als \u201eLandesverr\u00e4ter\u201c, \u201eTerrorist\u201c oder \u201enationsloser Hund\u201c beschimpft wird. Zwischen Nationalflaggen taucht immer wieder das Wolfs-Emoji auf, ein Symbol <a href=\"https:\/\/www.tagesspiegel.de\/gesellschaft\/wie-die-grauen-wolfe-in-deutschland-vorgehen-unser-kampf-geht-bis-zum-letzten-mann-bis-zum-letzten-atemzug-11985236.html?icid=in-text-link_14649239\" class=\"link link--internal\" data-gtm-class=\"article-text-link\" data-gtm-val=\"internal\" target=\"_blank\" rel=\"noopener\">der rechtsextremen Grauen W\u00f6lfe<\/a>, das immer wieder innerhalb der t\u00fcrkischen Community verharmlost wird.<\/p>\n<p class=\"tspB7m1\">Mit den Vorf\u00e4llen vom Donnerstagabend hat diese Welle der Anfeindungen einen neuen H\u00f6hepunkt erreicht.<\/p>\n<blockquote class=\"tspCGn3\">\n<p>Sportinstitutionen, von Vereinen bis zu Verb\u00e4nden m\u00fcssen sich unmissverst\u00e4ndlich und \u00f6ffentlich gegen jeden Rassismus positionieren.<\/p>\n<\/blockquote>\n<p class=\"tspCGn4\"><strong>Informationsstelle Antikurdischer Rassismus <\/strong><\/p>\n<p class=\"tspB7m1\">F\u00fcr viele Kurdinnen und Kurden in der T\u00fcrkei geh\u00f6rt Diskriminierung ohnehin zum Alltag und die Fu\u00dfballstadien bilden da keine Ausnahme. Vor allem Klubs aus den kurdisch gepr\u00e4gten Regionen, allen voran Amed SK aus Diyarbak\u0131r, werden immer wieder zur Zielscheibe nationalistischer und rassistischer Schm\u00e4hungen.<\/p>\n<p> Lesen Sie auch <a href=\"https:\/\/www.tagesspiegel.de\/sport\/dauerpfiffe-fur-vfb-profis-stuttgart-verliert-in-der-europa-league-in-istanbul-14646152.html?icid=topic-list_14649239___\" data-gtm-class=\"article-mzt-link\" class=\"tspCWpk\" target=\"_blank\" rel=\"noopener\">Dauerpfiffe f\u00fcr VfB-Profis Stuttgart verliert in der Europa League in Istanbul <\/a><a href=\"https:\/\/www.tagesspiegel.de\/sport\/ein-besonderes-spiel-fur-den-vfb-sturmer-in-istanbul-die-vielen-lugengeschichten-uber-deniz-undav-14617475.html?icid=topic-list_14649239___\" data-gtm-class=\"article-mzt-link\" class=\"tspCWpk\" target=\"_blank\" rel=\"noopener\">Ein besonderes Spiel f\u00fcr den VfB-St\u00fcrmer in Istanbul Die vielen L\u00fcgen \u00fcber Deniz Undav <\/a><a href=\"https:\/\/www.tagesspiegel.de\/sport\/vfb-stuttgart-gelingt-europa-league-start-gegen-celta-vigo-14392505.html?icid=topic-list_14649239___\" data-gtm-class=\"article-mzt-link\" class=\"tspCWpk\" target=\"_blank\" rel=\"noopener\">Dank Neuzug\u00e4ngen VfB Stuttgart gelingt Europa-League-Start gegen Celta Vigo <\/a><\/p>\n<p class=\"tspB7m1\">Die <a href=\"https:\/\/antikurdischer-rassismus.de\/\" target=\"_blank\" rel=\"noopener\" class=\"link link--external\" data-gtm-class=\"article-text-link\" data-gtm-val=\"external\" aria-describedby=\"message-target-blank\">Informationsstelle Antikurdischer Rassismus<\/a>, die in diesem Jahr erstmals einen Jahresbericht zu antikurdischem Rassismus im Deutschen Bundestag vorgestellt hat, fordert in einem gemeinsamen Statement mit dem Zentralen Menschenrechtsrat der Kurdinnen und Kurden auf Instagram, dass sich alle Sportinstitutionen, von Vereinen bis zu Verb\u00e4nden, \u201eunmissverst\u00e4ndlich und \u00f6ffentlich gegen jeden Rassismus positionieren m\u00fcssen\u201c. <\/p>\n","protected":false},"excerpt":{"rendered":"Vielleicht ahnte Deniz Undav schon, was ihn in Istanbul erwarten w\u00fcrde. Und leider sollte sich diese Bef\u00fcrchtungen bewahrheiten.&hellip;\n","protected":false},"author":2,"featured_media":523180,"comment_status":"","ping_status":"","sticky":false,"template":"","format":"standard","meta":{"footnotes":""},"categories":[1830],"tags":[1634,3364,29,30,145,1441,143,2915],"class_list":{"0":"post-523179","1":"post","2":"type-post","3":"status-publish","4":"format-standard","5":"has-post-thumbnail","7":"category-stuttgart","8":"tag-baden-wuerttemberg","9":"tag-de","10":"tag-deutschland","11":"tag-germany","12":"tag-istanbul","13":"tag-stuttgart","14":"tag-tuerkei","15":"tag-vfb-stuttgart"},"share_on_mastodon":{"url":"https:\/\/pubeurope.com\/@de\/115428912140356624","error":""},"_links":{"self":[{"href":"https:\/\/www.europesays.com\/de\/wp-json\/wp\/v2\/posts\/523179","targetHints":{"allow":["GET"]}}],"collection":[{"href":"https:\/\/www.europesays.com\/de\/wp-json\/wp\/v2\/posts"}],"about":[{"href":"https:\/\/www.europesays.com\/de\/wp-json\/wp\/v2\/types\/post"}],"author":[{"embeddable":true,"href":"https:\/\/www.europesays.com\/de\/wp-json\/wp\/v2\/users\/2"}],"replies":[{"embeddable":true,"href":"https:\/\/www.europesays.com\/de\/wp-json\/wp\/v2\/comments?post=523179"}],"version-history":[{"count":0,"href":"https:\/\/www.europesays.com\/de\/wp-json\/wp\/v2\/posts\/523179\/revisions"}],"wp:featuredmedia":[{"embeddable":true,"href":"https:\/\/www.europesays.com\/de\/wp-json\/wp\/v2\/media\/523180"}],"wp:attachment":[{"href":"https:\/\/www.europesays.com\/de\/wp-json\/wp\/v2\/media?parent=523179"}],"wp:term":[{"taxonomy":"category","embeddable":true,"href":"https:\/\/www.europesays.com\/de\/wp-json\/wp\/v2\/categories?post=523179"},{"taxonomy":"post_tag","embeddable":true,"href":"https:\/\/www.europesays.com\/de\/wp-json\/wp\/v2\/tags?post=523179"}],"curies":[{"name":"wp","href":"https:\/\/api.w.org\/{rel}","templated":true}]}}