{"id":523572,"date":"2025-10-24T15:11:16","date_gmt":"2025-10-24T15:11:16","guid":{"rendered":"https:\/\/www.europesays.com\/de\/523572\/"},"modified":"2025-10-24T15:11:16","modified_gmt":"2025-10-24T15:11:16","slug":"lkw-kollidiert-mit-zug-bahnstrecke-bei-hedemuenden-gesperrt","status":"publish","type":"post","link":"https:\/\/www.europesays.com\/de\/523572\/","title":{"rendered":"Lkw kollidiert mit Zug &#8211; Bahnstrecke bei Hedem\u00fcnden gesperrt"},"content":{"rendered":"<p>        <img decoding=\"async\" src=\"https:\/\/www.europesays.com\/de\/wp-content\/uploads\/2025\/10\/bahnuebergang-118.webp\" alt=\"Die Ladung des zerst\u00f6rten Lkw liegt am Bahn\u00fcbergang in Hedem\u00fcnden.\" title=\"Die Ladung des zerst\u00f6rten Lkw liegt am Bahn\u00fcbergang in Hedem\u00fcnden. | Wieland Gabcke, NDR\" class=\"responsive\"\/><\/p>\n<p>\n            Stand: 24.10.2025 16:20 Uhr<\/p>\n<p class=\"preface\">Ein G\u00fcterzug hat auf einem Bahn\u00fcbergang in Hedem\u00fcnden (Landkreis G\u00f6ttingen) einen Lkw erfasst. Zwischen G\u00f6ttingen und Kassel f\u00e4llt der Regionalverkehr teils aus. Der Lkw-Fahrer und der Lokf\u00fchrer wurden leicht verletzt.<\/p>\n<p class=\"\">Wie die Polizei am fr\u00fchen Freitagnachmittag erkl\u00e4rte, hatte der Lkw-Fahrer ignoriert, dass auf der Stra\u00dfe an dem Bahn\u00fcbergang ein Durchfahrtsverbot f\u00fcr Kraftfahrzeuge gilt. Der Lkw sei dann in einer scharfen Kurve kurz hinter dem Bahn\u00fcbergang zum Stehen gekommen. Als der Fahrer daraufhin ausgestiegen sei, h\u00e4tten sich die Schranken geschlossen. Der herannahende Zug stie\u00df dann trotz Gefahrenbremsung mit dem hinteren Teil des Lkw zusammen, wie die Polizei schilderte.<\/p>\n<p>    Milch und K\u00e4se gro\u00dffl\u00e4chig verteilt<\/p>\n<p class=\"\">Der Auflieger wurde demnach bei dem Zusammensto\u00df zerrissen. Der Lkw hatte Milch- und K\u00e4seprodukte geladen. Diese h\u00e4tten sich gro\u00dffl\u00e4chig an der Unfallstelle verteilt, so die Polizei weiter. Sowohl der Lokf\u00fchrer als auch der Lkw-Fahrer wurden leicht verletzt, die Polizei sch\u00e4tzt den Schaden auf etwa 200.000 Euro.<\/p>\n<p>    Strecke ist gesperrt<\/p>\n<p class=\"\">Im Regionalverkehr zwischen G\u00f6ttingen und Kassel kommt es nach dem Ungl\u00fcck zu Beeintr\u00e4chtigungen: Auf der <a href=\"https:\/\/www.cantus-bahn.de\/fahrgastinformation\/stoerungen\" title=\"Cantus-Bahn: St\u00f6rungen\" class=\"js-link-dialog\" data-type=\"external\" target=\"_blank\" rel=\"noopener\">Cantus-Linie (RB83)<\/a> zwischen G\u00f6ttingen und Kassel ist laut dem Betreiber ein Schienenersatzverkehr eingerichtet, zwischen Hann. M\u00fcnden (Landkreis G\u00f6ttingen) dem hessischen Eichenberg. Die restlichen Streckenabschnitte w\u00fcrden im Pendelverkehr bedient, sagte eine Sprecherin. Auch auf den Verbindungen RE2 und RE9 zwischen Th\u00fcringen und Kassel setzt die Deutsche Bahn aktuell auf Schienenersatzverkehr. Wann die Aufr\u00e4umarbeiten abgeschlossen sind, steht nach Angaben einer Bahn-Sprecherin noch nicht fest.<\/p>\n<p>        <img decoding=\"async\" src=\"https:\/\/www.europesays.com\/de\/wp-content\/uploads\/2025\/10\/screenshot-66334.webp\" alt=\"Ein Autowrack steht zwischen den Gleisen auf einem Bahn\u00fcbergang.\" title=\"Ein Autowrack steht zwischen den Gleisen auf einem Bahn\u00fcbergang. | Screenshot\" class=\"responsive\" loading=\"lazy\"\/><\/p>\n<p>Bei dem Unfall in Osterholz-Scharmbeck wurden am Montag drei Menschen verletzt. Die Polizei geht von menschlichem Versagen aus.<\/p>\n<p>        <img decoding=\"async\" src=\"https:\/\/www.europesays.com\/de\/wp-content\/uploads\/2025\/10\/zwischenahn-122.webp\" alt=\"Angeh\u00f6rige trauern um den Vater und seinen Sohn, die bei dem Unfall an dem Bahn\u00fcbergang ums Leben kamen.\" title=\"Angeh\u00f6rige trauern um den Vater und seinen Sohn, die bei dem Unfall an dem Bahn\u00fcbergang ums Leben kamen. | NDR\/ Sebastian Duden\" class=\"responsive\" loading=\"lazy\"\/><\/p>\n<p>Ein Zug hat ein Auto erfasst. Dabei starben ein Kind und sein Vater &#8211; der verlie\u00df offenbar kurz zuvor das Fahrzeug.<\/p>\n<p>        <img decoding=\"async\" src=\"https:\/\/www.europesays.com\/de\/wp-content\/uploads\/2025\/10\/polizei6500.webp\" alt=\"Schriftzug &quot;UNFALL&quot; ist an einer R\u00fcckscheibe eines Streifenwagens der Polizei eingeblendet.\" title=\"Nach einem Zusammensto\u00df zweiter Radfahrer ermittelt die Polizei Heide wegen Unfallflucht. | NDR, Pavel Stoyan\" class=\"responsive\" loading=\"lazy\"\/><\/p>\n<p>Gl\u00fcck im Ungl\u00fcck bei dem Unfall in Detfurth: Die beiden Autoinsassen und die 30 Passagiere im Zug blieben unverletzt.<\/p>\n<p>        <img decoding=\"async\" src=\"https:\/\/www.europesays.com\/de\/wp-content\/uploads\/2025\/10\/regionalbs100.webp\" alt=\"Der Braunschweiger Dom von oben.\" title=\"Der Braunschweiger Dom von oben. | NDR, Julius Matuschik\" class=\"responsive\" loading=\"lazy\"\/><\/p>\n<p>\n                                    8 Min<\/p>\n<p>Was in Ihrer Region wichtig ist, h\u00f6ren Sie in dem Mitschnitt der 15:00 Uhr Regional-Nachrichten auf NDR 1 Niedersachsen.<\/p>\n<p>Dieses Thema im Programm:<\/p>\n<p>                NDR 1 Niedersachsen | Regional Braunschweig | 24.10.2025 | 13:30 Uhr<\/p>\n","protected":false},"excerpt":{"rendered":"Stand: 24.10.2025 16:20 Uhr Ein G\u00fcterzug hat auf einem Bahn\u00fcbergang in Hedem\u00fcnden (Landkreis G\u00f6ttingen) einen Lkw erfasst. Zwischen&hellip;\n","protected":false},"author":2,"featured_media":523573,"comment_status":"","ping_status":"","sticky":false,"template":"","format":"standard","meta":{"footnotes":""},"categories":[5],"tags":[590,331,332,1739,52785,2227,129358,3364,29,30,25890,13,1962,14,15,1411,12,3809],"class_list":{"0":"post-523572","1":"post","2":"type-post","3":"status-publish","4":"format-standard","5":"has-post-thumbnail","7":"category-nachrichten","8":"tag-aktuell","9":"tag-aktuelle-nachrichten","10":"tag-aktuelle-news","11":"tag-bahn","12":"tag-bahnuebergang","13":"tag-bahnverkehr","14":"tag-cantus","15":"tag-de","16":"tag-deutschland","17":"tag-germany","18":"tag-goettingen","19":"tag-headlines","20":"tag-lkw","21":"tag-nachrichten","22":"tag-news","23":"tag-niedersachsen","24":"tag-schlagzeilen","25":"tag-stoerung"},"share_on_mastodon":{"url":"https:\/\/pubeurope.com\/@de\/115429788147868737","error":""},"_links":{"self":[{"href":"https:\/\/www.europesays.com\/de\/wp-json\/wp\/v2\/posts\/523572","targetHints":{"allow":["GET"]}}],"collection":[{"href":"https:\/\/www.europesays.com\/de\/wp-json\/wp\/v2\/posts"}],"about":[{"href":"https:\/\/www.europesays.com\/de\/wp-json\/wp\/v2\/types\/post"}],"author":[{"embeddable":true,"href":"https:\/\/www.europesays.com\/de\/wp-json\/wp\/v2\/users\/2"}],"replies":[{"embeddable":true,"href":"https:\/\/www.europesays.com\/de\/wp-json\/wp\/v2\/comments?post=523572"}],"version-history":[{"count":0,"href":"https:\/\/www.europesays.com\/de\/wp-json\/wp\/v2\/posts\/523572\/revisions"}],"wp:featuredmedia":[{"embeddable":true,"href":"https:\/\/www.europesays.com\/de\/wp-json\/wp\/v2\/media\/523573"}],"wp:attachment":[{"href":"https:\/\/www.europesays.com\/de\/wp-json\/wp\/v2\/media?parent=523572"}],"wp:term":[{"taxonomy":"category","embeddable":true,"href":"https:\/\/www.europesays.com\/de\/wp-json\/wp\/v2\/categories?post=523572"},{"taxonomy":"post_tag","embeddable":true,"href":"https:\/\/www.europesays.com\/de\/wp-json\/wp\/v2\/tags?post=523572"}],"curies":[{"name":"wp","href":"https:\/\/api.w.org\/{rel}","templated":true}]}}