{"id":523851,"date":"2025-10-24T17:50:10","date_gmt":"2025-10-24T17:50:10","guid":{"rendered":"https:\/\/www.europesays.com\/de\/523851\/"},"modified":"2025-10-24T17:50:10","modified_gmt":"2025-10-24T17:50:10","slug":"spannungen-mit-venezuela-usa-stellen-flugzeugtraeger-fuer-karibik-und-lateinamerika-ab","status":"publish","type":"post","link":"https:\/\/www.europesays.com\/de\/523851\/","title":{"rendered":"Spannungen mit Venezuela: USA stellen Flugzeugtr\u00e4ger f\u00fcr Karibik und Lateinamerika ab"},"content":{"rendered":"<p class=\"paragraph article__item\">In den zunehmenden Spannungen zwischen den USA und Venezuela hat das US-Verteidigungsministerium die Verlegung mehrerer Kriegsschiffe der US-Marine angek\u00fcndigt. Der Flugzeugtr\u00e4ger USS Gerald R. Ford und die ihn unterst\u00fctzenden Schiffe sollen in den Zust\u00e4ndigkeitsbereich des US-S\u00fcdkommandos gebracht werden, schrieb Sprecher Sean Parnell auf <a href=\"https:\/\/x.com\/SeanParnellASW\/status\/1981759934539985132\" class=\"\" target=\"_blank\">X<\/a>. Das S\u00fcdkommando der US-Armee hat seinen Sitz in Florida und soll auf Konflikte in und mit den lateinamerikanischen L\u00e4ndern sowie in der <a class=\"rtr-entity\" href=\"https:\/\/www.zeit.de\/thema\/karibik\" target=\"_blank\" rel=\"noopener\">Karibik<\/a> reagieren.\n<\/p>\n<p class=\"paragraph article__item\">&#8222;Die verst\u00e4rkte Pr\u00e4senz der US-Streitkr\u00e4fte im s\u00fcdlichen Kommando wird die F\u00e4higkeit der USA verbessern, illegale Akteure und Aktivit\u00e4ten, die die Sicherheit und den Wohlstand der Vereinigten Staaten und unsere Sicherheit in der westlichen Hemisph\u00e4re gef\u00e4hrden, aufzusp\u00fcren, zu \u00fcberwachen und zu unterbinden&#8220;, schrieb Parnell weiter. Einen Zeitpunkt f\u00fcr die Verlegung oder Details nannte er nicht.\n<\/p>\n<p class=\"paragraph article__item\">In den vergangenen Wochen hatte das US-Milit\u00e4r\u00a0<a href=\"https:\/\/www.zeit.de\/politik\/ausland\/2025-10\/usa-donald-trump-venezuela-boot-angriff\" class=\"\" target=\"_blank\" rel=\"noopener\">mehrfach Boote in der Karibik und im Pazifik angegriffen<\/a>, die angeblich mit Drogen beladen waren. Mehr als 30 Menschen sollen dabei get\u00f6tet worden sein. Die\u00a0<a class=\"rtr-entity\" href=\"https:\/\/www.zeit.de\/thema\/usa\" target=\"_blank\" rel=\"noopener\">USA<\/a>\u00a0verlegten f\u00fcr die Eins\u00e4tze mehrere Kriegsschiffe in die Karibik.\u00a0\n<\/p>\n<p class=\"paragraph article__item\">Das Vorgehen zog viel Kritik nach sich, auch weil Trumps Regierung keine rechtliche Grundlage f\u00fcr ihr Handeln nannte oder Beweise vorlegte. Die Vereinten Nationen riefen die US-Regierung zur Zur\u00fcckhaltung auf.\u00a0Kritikern zufolge sind die Angriffe illegal, selbst wenn sie sich tats\u00e4chlich gegen Drogenh\u00e4ndler richten w\u00fcrden. Die <a class=\"rtr-entity\" href=\"https:\/\/www.zeit.de\/thema\/usa\" target=\"_blank\" rel=\"noopener\">USA<\/a> hatten zuletzt mehrere mutma\u00dfliche Drogenboote, die in Venezuela gestartet waren, abgeschossen. Der venezolanische Pr\u00e4sident reagierte mit einer Milit\u00e4r\u00fcbung.<\/p>\n","protected":false},"excerpt":{"rendered":"In den zunehmenden Spannungen zwischen den USA und Venezuela hat das US-Verteidigungsministerium die Verlegung mehrerer Kriegsschiffe der US-Marine&hellip;\n","protected":false},"author":2,"featured_media":523852,"comment_status":"","ping_status":"","sticky":false,"template":"","format":"standard","meta":{"footnotes":""},"categories":[3977],"tags":[331,332,105286,6784,13,13132,129400,14,15,16,129399,12,60257,129398,129401,4017,4018,4016,64,1700,4019,4020,25240],"class_list":{"0":"post-523851","1":"post","2":"type-post","3":"status-publish","4":"format-standard","5":"has-post-thumbnail","7":"category-usa","8":"tag-aktuelle-nachrichten","9":"tag-aktuelle-news","10":"tag-drogenboot","11":"tag-florida","12":"tag-headlines","13":"tag-karibik","14":"tag-militaerkommando","15":"tag-nachrichten","16":"tag-news","17":"tag-politik","18":"tag-r-ford","19":"tag-schlagzeilen","20":"tag-sean-parnell","21":"tag-spannungen-mit-venezuela","22":"tag-suedkommando","23":"tag-united-states","24":"tag-united-states-of-america","25":"tag-us","26":"tag-usa","27":"tag-venezuela","28":"tag-vereinigte-staaten","29":"tag-vereinigte-staaten-von-amerika","30":"tag-verteidigungsministerium-der-vereinigten-staaten"},"share_on_mastodon":{"url":"","error":""},"_links":{"self":[{"href":"https:\/\/www.europesays.com\/de\/wp-json\/wp\/v2\/posts\/523851","targetHints":{"allow":["GET"]}}],"collection":[{"href":"https:\/\/www.europesays.com\/de\/wp-json\/wp\/v2\/posts"}],"about":[{"href":"https:\/\/www.europesays.com\/de\/wp-json\/wp\/v2\/types\/post"}],"author":[{"embeddable":true,"href":"https:\/\/www.europesays.com\/de\/wp-json\/wp\/v2\/users\/2"}],"replies":[{"embeddable":true,"href":"https:\/\/www.europesays.com\/de\/wp-json\/wp\/v2\/comments?post=523851"}],"version-history":[{"count":0,"href":"https:\/\/www.europesays.com\/de\/wp-json\/wp\/v2\/posts\/523851\/revisions"}],"wp:featuredmedia":[{"embeddable":true,"href":"https:\/\/www.europesays.com\/de\/wp-json\/wp\/v2\/media\/523852"}],"wp:attachment":[{"href":"https:\/\/www.europesays.com\/de\/wp-json\/wp\/v2\/media?parent=523851"}],"wp:term":[{"taxonomy":"category","embeddable":true,"href":"https:\/\/www.europesays.com\/de\/wp-json\/wp\/v2\/categories?post=523851"},{"taxonomy":"post_tag","embeddable":true,"href":"https:\/\/www.europesays.com\/de\/wp-json\/wp\/v2\/tags?post=523851"}],"curies":[{"name":"wp","href":"https:\/\/api.w.org\/{rel}","templated":true}]}}