{"id":523881,"date":"2025-10-24T18:05:15","date_gmt":"2025-10-24T18:05:15","guid":{"rendered":"https:\/\/www.europesays.com\/de\/523881\/"},"modified":"2025-10-24T18:05:15","modified_gmt":"2025-10-24T18:05:15","slug":"drei-maenner-noch-im-krankenhaus-haftbefehl-gegen-27-jaehrigen-nach-toedlichen-schuessen-in-hannover","status":"publish","type":"post","link":"https:\/\/www.europesays.com\/de\/523881\/","title":{"rendered":"Drei M\u00e4nner noch im Krankenhaus: Haftbefehl gegen 27-J\u00e4hrigen nach t\u00f6dlichen Sch\u00fcssen in Hannover"},"content":{"rendered":"<p>                    Drei M\u00e4nner noch im Krankenhaus<br \/>\n                Haftbefehl gegen 27-J\u00e4hrigen nach t\u00f6dlichen Sch\u00fcssen in Hannover<\/p>\n<p>\t\t\t\t              24.10.2025, 19:37 Uhr<\/p>\n<p>\t\t\t\t\t       Artikel anh\u00f6ren<\/p>\n<p>\t\t\t\t\t\t\tDiese Audioversion wurde k\u00fcnstlich generiert. <a href=\"https:\/\/www.n-tv.de\/23249898\" target=\"_blank\" rel=\"noopener\">Mehr Infos<\/a><\/p>\n<p><strong>Ein Mann wird bei einer Auseinandersetzung am Mittwochabend in Hannover erschossen. Gegen einen Tatverd\u00e4chtigen erl\u00e4sst das Amtsgericht nun Haftbefehl wegen des Verdachts des Totschlags. Drei M\u00e4nner sind noch im Krankenhaus.<\/strong><\/p>\n<p>Nach den t\u00f6dlichen Sch\u00fcssen in Hannover hat das Amtsgericht gegen einen der drei verletzten M\u00e4nner Haftbefehl erlassen. Es handelt sich um den 27-J\u00e4hrigen aus Hamburg, teilte eine Sprecherin der Staatsanwaltschaft Hannover mit. Er stehe im dringenden Verdacht, auf das gleichaltrige Opfer geschossen zu haben. Der Haftbefehl sei wegen des Verdachts des Totschlags beantragt worden.<\/p>\n<p>Die beiden anderen verletzten M\u00e4nner &#8211; ein 19-J\u00e4hriger aus Hannover und ein 27-J\u00e4hriger aus der Region Hannover &#8211; gelten derzeit demnach nicht als dringend tatverd\u00e4chtig, an der T\u00f6tung beteiligt gewesen zu sein. Gegen sie sei daher kein Haftbefehl erlassen worden, sagte die Sprecherin weiter.<\/p>\n<p>Alle drei M\u00e4nner werden derzeit im Krankenhaus behandelt. &#8222;Die Ermittlungen zum Tathergang und zu den Hintergr\u00fcnden werden noch weitergef\u00fchrt&#8220;, sagte die Sprecherin. Am Mittwochabend war ein 27-j\u00e4hriger Mann bei einer Auseinandersetzung auf der Vahrenwalder Stra\u00dfe in Hannover erschossen worden. Die Verletzungen der anderen drei M\u00e4nner sind laut Polizei nicht lebensgef\u00e4hrlich.<\/p>\n","protected":false},"excerpt":{"rendered":"Drei M\u00e4nner noch im Krankenhaus Haftbefehl gegen 27-J\u00e4hrigen nach t\u00f6dlichen Sch\u00fcssen in Hannover 24.10.2025, 19:37 Uhr Artikel anh\u00f6ren&hellip;\n","protected":false},"author":2,"featured_media":523882,"comment_status":"","ping_status":"","sticky":false,"template":"","format":"standard","meta":{"footnotes":""},"categories":[1836],"tags":[3364,29,30,46,984,1584,11752,1411,121],"class_list":{"0":"post-523881","1":"post","2":"type-post","3":"status-publish","4":"format-standard","5":"has-post-thumbnail","7":"category-hannover","8":"tag-de","9":"tag-deutschland","10":"tag-germany","11":"tag-hannover","12":"tag-international","13":"tag-kriminalitaet","14":"tag-mord-und-totschlag","15":"tag-niedersachsen","16":"tag-polizei"},"share_on_mastodon":{"url":"https:\/\/pubeurope.com\/@de\/115430472054715543","error":""},"_links":{"self":[{"href":"https:\/\/www.europesays.com\/de\/wp-json\/wp\/v2\/posts\/523881","targetHints":{"allow":["GET"]}}],"collection":[{"href":"https:\/\/www.europesays.com\/de\/wp-json\/wp\/v2\/posts"}],"about":[{"href":"https:\/\/www.europesays.com\/de\/wp-json\/wp\/v2\/types\/post"}],"author":[{"embeddable":true,"href":"https:\/\/www.europesays.com\/de\/wp-json\/wp\/v2\/users\/2"}],"replies":[{"embeddable":true,"href":"https:\/\/www.europesays.com\/de\/wp-json\/wp\/v2\/comments?post=523881"}],"version-history":[{"count":0,"href":"https:\/\/www.europesays.com\/de\/wp-json\/wp\/v2\/posts\/523881\/revisions"}],"wp:featuredmedia":[{"embeddable":true,"href":"https:\/\/www.europesays.com\/de\/wp-json\/wp\/v2\/media\/523882"}],"wp:attachment":[{"href":"https:\/\/www.europesays.com\/de\/wp-json\/wp\/v2\/media?parent=523881"}],"wp:term":[{"taxonomy":"category","embeddable":true,"href":"https:\/\/www.europesays.com\/de\/wp-json\/wp\/v2\/categories?post=523881"},{"taxonomy":"post_tag","embeddable":true,"href":"https:\/\/www.europesays.com\/de\/wp-json\/wp\/v2\/tags?post=523881"}],"curies":[{"name":"wp","href":"https:\/\/api.w.org\/{rel}","templated":true}]}}