{"id":523954,"date":"2025-10-24T18:49:12","date_gmt":"2025-10-24T18:49:12","guid":{"rendered":"https:\/\/www.europesays.com\/de\/523954\/"},"modified":"2025-10-24T18:49:12","modified_gmt":"2025-10-24T18:49:12","slug":"nach-messerattacke-iris-stalzer-will-buergermeister-amt-am-4-november-antreten-fluchtgefahr-bei-adoptivtochter","status":"publish","type":"post","link":"https:\/\/www.europesays.com\/de\/523954\/","title":{"rendered":"Nach Messerattacke: Iris Stalzer will B\u00fcrgermeister-Amt am 4. November antreten \u2013 Fluchtgefahr bei Adoptivtochter"},"content":{"rendered":"<p class=\"is-first-paragraph\" data-external=\"Article.FirstParagraph\">Zweieinhalb Wochen nach der lebensbedrohlichen Messerattacke auf die frisch gew\u00e4hlte SPD-B\u00fcrgermeisterin von Herdecke, Iris Stalzer, hat die Staatsanwaltschaft beim Amtsgericht einen Haftbefehl gegen die tatverd\u00e4chtige 17-j\u00e4hrige Adoptivtochter wegen gef\u00e4hrlicher K\u00f6rperverletzung erwirkt. Es bestehe Fluchtgefahr, sagte Beh\u00f6rdensprecher Michael Burggr\u00e4f dem \u201e<a class=\"is-link c-block-items__link is-external c-link--rich-text-renderer\" href=\"https:\/\/www.ksta.de\/politik\/nrw-politik\/buergermeisterin-von-herdecke-aeussert-sich-erstmals-nach-messerangriff-1135907\" target=\"_blank\" title=\"(Link wird in einem neuen Tab ge\u00f6ffnet)\" rel=\"nofollow noopener\" data-internal-tracking-enabled=\"true\" data-internal-tracking=\"{&quot;action&quot;:&quot;click&quot;,&quot;label&quot;:&quot;link&quot;,&quot;name&quot;:&quot;Inline Element&quot;,&quot;data&quot;:{&quot;source&quot;:&quot;&quot;,&quot;target&quot;:&quot;https:\/\/www.ksta.de\/politik\/nrw-politik\/buergermeisterin-von-herdecke-aeussert-sich-erstmals-nach-messerangriff-1135907&quot;,&quot;trackingName&quot;:&quot;&quot;,&quot;trackingLabel&quot;:&quot;&quot;}}\">K\u00f6lner Stadt-Anzeiger<\/a>\u201c. <\/p>\n<p>Allerdings befinde sich die 17-J\u00e4hrige derzeit nicht in Haft. \u201eDie Beschuldigte wurde von der Haft unter Auflagen verschont\u201c, so Burggr\u00e4f. Nach der Tat wurde der Teenager in die Jugendpsychiatrie eingewiesen. Der Unterbringungsbeschluss ist laut der Zeitung am Donnerstag ausgelaufen, weshalb das Jugendamt nun die Obhut der Beschuldigten \u00fcbernommen habe. Die 17-J\u00e4hrige m\u00fcsse sich demnach t\u00e4glich bei der Polizei melden.<\/p>\n<p>Die designierte B\u00fcrgermeisterin der 23.000-Einwohner-Stadt im S\u00fcdosten des Ruhrgebiets, war am 7. Oktober in ihrem Haus lebensgef\u00e4hrlich verletzt worden. Ihre 17-j\u00e4hrige Adoptivtochter steht im Verdacht, sie \u00fcber einen Zeitraum von mehreren Stunden im Keller des Hauses <a class=\"is-link c-block-items__link c-link--rich-text-renderer\" href=\"https:\/\/www.welt.de\/politik\/deutschland\/article68f8e77e5a18faac7a51298e\/messerangriff-in-herdecke-immer-wieder-musste-die-polizei-zu-familie-stalzer-ausruecken.html\" data-internal-tracking-enabled=\"true\" data-internal-tracking=\"{&quot;action&quot;:&quot;click&quot;,&quot;label&quot;:&quot;link&quot;,&quot;name&quot;:&quot;Inline Element&quot;,&quot;data&quot;:{&quot;source&quot;:&quot;&quot;,&quot;target&quot;:&quot;https:\/\/www.welt.de\/politik\/deutschland\/article68f8e77e5a18faac7a51298e\/messerangriff-in-herdecke-immer-wieder-musste-die-polizei-zu-familie-stalzer-ausruecken.html&quot;,&quot;trackingName&quot;:&quot;&quot;,&quot;trackingLabel&quot;:&quot;&quot;}}\" target=\"_blank\" rel=\"noopener\">bedroht und gequ\u00e4lt zu haben<\/a>. Neben 13 Messerstichen soll die 57-J\u00e4hrige auch zahlreiche Kopfverletzungen erlitten haben. In der Familie gab es laut Polizei und Staatsanwaltschaft seit Jahren famili\u00e4re Streitigkeiten.<\/p>\n<p>Wie Stalzer dem \u201eK\u00f6lner Stadt-Anzeiger\u201c weiter mitteilte, ist sie wieder so weit genesen, dass sie ihr Amt am 4. November antreten kann. \u201eEs gibt kein \u201adennoch\u2018\u201c, sagte sie. \u201eIch habe einen klaren Auftrag der W\u00e4hlerinnen und W\u00e4hler und werde diesen Auftrag annehmen. Ich bin Dank der sehr guten Erstversorgung und der sehr guten Versorgung in der Klinik schnell genesen, so dass auch gesundheitliche Gr\u00fcnde nicht gegen die \u00dcbernahme des Amtes sprechen\u201c, erkl\u00e4rte die SPD-Politikerin. <\/p>\n<p>Sie berichtete zudem von \u201eHass und Hetze\u201c gegen sie im Internet. \u201eAls Person des \u00f6ffentlichen Lebens muss ich kritische Posts aushalten, solange rechtlich zul\u00e4ssige Grenzen nicht \u00fcberschritten werden. Dort, wo diese Grenzen \u00fcberschritten werden, werden rechtliche Schritte eingeleitet werden.\u201c<\/p>\n","protected":false},"excerpt":{"rendered":"Zweieinhalb Wochen nach der lebensbedrohlichen Messerattacke auf die frisch gew\u00e4hlte SPD-B\u00fcrgermeisterin von Herdecke, Iris Stalzer, hat die Staatsanwaltschaft&hellip;\n","protected":false},"author":2,"featured_media":523955,"comment_status":"","ping_status":"","sticky":false,"template":"","format":"standard","meta":{"footnotes":""},"categories":[2],"tags":[29,119534,30,13,54014,122702,59262,14,15,110,12,184,122701,10,8,9,11],"class_list":{"0":"post-523954","1":"post","2":"type-post","3":"status-publish","4":"format-standard","5":"has-post-thumbnail","7":"category-deutschland","8":"tag-deutschland","9":"tag-familientragoedien-ks","10":"tag-germany","11":"tag-headlines","12":"tag-herdecke","13":"tag-iris-spd","14":"tag-messerstechereien-ks","15":"tag-nachrichten","16":"tag-news","17":"tag-newsteam","18":"tag-schlagzeilen","19":"tag-spd","20":"tag-stalzer","21":"tag-top-news","22":"tag-top-meldungen","23":"tag-topmeldungen","24":"tag-topnews"},"share_on_mastodon":{"url":"https:\/\/pubeurope.com\/@de\/115430645061010659","error":""},"_links":{"self":[{"href":"https:\/\/www.europesays.com\/de\/wp-json\/wp\/v2\/posts\/523954","targetHints":{"allow":["GET"]}}],"collection":[{"href":"https:\/\/www.europesays.com\/de\/wp-json\/wp\/v2\/posts"}],"about":[{"href":"https:\/\/www.europesays.com\/de\/wp-json\/wp\/v2\/types\/post"}],"author":[{"embeddable":true,"href":"https:\/\/www.europesays.com\/de\/wp-json\/wp\/v2\/users\/2"}],"replies":[{"embeddable":true,"href":"https:\/\/www.europesays.com\/de\/wp-json\/wp\/v2\/comments?post=523954"}],"version-history":[{"count":0,"href":"https:\/\/www.europesays.com\/de\/wp-json\/wp\/v2\/posts\/523954\/revisions"}],"wp:featuredmedia":[{"embeddable":true,"href":"https:\/\/www.europesays.com\/de\/wp-json\/wp\/v2\/media\/523955"}],"wp:attachment":[{"href":"https:\/\/www.europesays.com\/de\/wp-json\/wp\/v2\/media?parent=523954"}],"wp:term":[{"taxonomy":"category","embeddable":true,"href":"https:\/\/www.europesays.com\/de\/wp-json\/wp\/v2\/categories?post=523954"},{"taxonomy":"post_tag","embeddable":true,"href":"https:\/\/www.europesays.com\/de\/wp-json\/wp\/v2\/tags?post=523954"}],"curies":[{"name":"wp","href":"https:\/\/api.w.org\/{rel}","templated":true}]}}