{"id":524105,"date":"2025-10-24T20:15:14","date_gmt":"2025-10-24T20:15:14","guid":{"rendered":"https:\/\/www.europesays.com\/de\/524105\/"},"modified":"2025-10-24T20:15:14","modified_gmt":"2025-10-24T20:15:14","slug":"schueler-aus-dem-erzgebirge-blicken-auf-die-arbeitswelt-von-morgen","status":"publish","type":"post","link":"https:\/\/www.europesays.com\/de\/524105\/","title":{"rendered":"Sch\u00fcler aus dem Erzgebirge blicken auf die Arbeitswelt von morgen"},"content":{"rendered":"<p class=\"bold\">\n\t\t\t\t\t\t\t\t\t\tSch\u00fcler der Internationalen Schule Niederw\u00fcrschnitz haben einen Baum voller W\u00fcnsche an die Berufswelt gestaltet \u2013 auch ihre Sorgen fanden an diesem einen Platz.\t\t\t\t<\/p>\n<p>\t\t\t\t Chris wei\u00df genau, wohin er will. \u201eIch m\u00f6chte im kulturellen Bereich, Richtung Schauspiel, arbeiten\u201c, sagt er. Der Zw\u00f6lftkl\u00e4ssler der Internationalen Schule Niederw\u00fcrschnitz mit Oberschule und Gymnasium ist einer von 19 Siebt- bis Zw\u00f6lftkl\u00e4sslern, die auf dem Schulgel\u00e4nde einen Baum gepflanzt und am Freitag mit Botschaften zur&#8230;<\/p>\n<p>\t\t<img decoding=\"async\" class=\"fp-plus-logo\" src=\"https:\/\/www.freiepresse.de\/img\/fpplus.svg\" alt=\"Freie Presse plus Logo\"\/><\/p>\n<p>Registrieren und testen.<\/p>\n<p>Jetzt mit Ihrer Registrierung 1 Monat gratis testen und alle Beitr\u00e4ge lesen.<\/p>\n<p>Schon Abonnent? Melden Sie sich mit ihren Zugangsdaten an.<\/p>\n","protected":false},"excerpt":{"rendered":"Sch\u00fcler der Internationalen Schule Niederw\u00fcrschnitz haben einen Baum voller W\u00fcnsche an die Berufswelt gestaltet \u2013 auch ihre Sorgen&hellip;\n","protected":false},"author":2,"featured_media":524106,"comment_status":"","ping_status":"","sticky":false,"template":"","format":"standard","meta":{"footnotes":""},"categories":[1851],"tags":[4568,2770,3364,29,548,663,3934,30,13,14,15,859,12],"class_list":{"0":"post-524105","1":"post","2":"type-post","3":"status-publish","4":"format-standard","5":"has-post-thumbnail","7":"category-chemnitz","8":"tag-schulen","9":"tag-chemnitz","10":"tag-de","11":"tag-deutschland","12":"tag-eu","13":"tag-europa","14":"tag-europe","15":"tag-germany","16":"tag-headlines","17":"tag-nachrichten","18":"tag-news","19":"tag-sachsen","20":"tag-schlagzeilen"},"share_on_mastodon":{"url":"https:\/\/pubeurope.com\/@de\/115430983292750016","error":""},"_links":{"self":[{"href":"https:\/\/www.europesays.com\/de\/wp-json\/wp\/v2\/posts\/524105","targetHints":{"allow":["GET"]}}],"collection":[{"href":"https:\/\/www.europesays.com\/de\/wp-json\/wp\/v2\/posts"}],"about":[{"href":"https:\/\/www.europesays.com\/de\/wp-json\/wp\/v2\/types\/post"}],"author":[{"embeddable":true,"href":"https:\/\/www.europesays.com\/de\/wp-json\/wp\/v2\/users\/2"}],"replies":[{"embeddable":true,"href":"https:\/\/www.europesays.com\/de\/wp-json\/wp\/v2\/comments?post=524105"}],"version-history":[{"count":0,"href":"https:\/\/www.europesays.com\/de\/wp-json\/wp\/v2\/posts\/524105\/revisions"}],"wp:featuredmedia":[{"embeddable":true,"href":"https:\/\/www.europesays.com\/de\/wp-json\/wp\/v2\/media\/524106"}],"wp:attachment":[{"href":"https:\/\/www.europesays.com\/de\/wp-json\/wp\/v2\/media?parent=524105"}],"wp:term":[{"taxonomy":"category","embeddable":true,"href":"https:\/\/www.europesays.com\/de\/wp-json\/wp\/v2\/categories?post=524105"},{"taxonomy":"post_tag","embeddable":true,"href":"https:\/\/www.europesays.com\/de\/wp-json\/wp\/v2\/tags?post=524105"}],"curies":[{"name":"wp","href":"https:\/\/api.w.org\/{rel}","templated":true}]}}