{"id":524127,"date":"2025-10-24T20:28:15","date_gmt":"2025-10-24T20:28:15","guid":{"rendered":"https:\/\/www.europesays.com\/de\/524127\/"},"modified":"2025-10-24T20:28:15","modified_gmt":"2025-10-24T20:28:15","slug":"umgestaltung-der-fussgaengerzone-zwischen-doeppersberg-und-neumarkt-starten-die-pflasterarbeiten-blickfeld","status":"publish","type":"post","link":"https:\/\/www.europesays.com\/de\/524127\/","title":{"rendered":"Umgestaltung der Fu\u00dfg\u00e4ngerzone: Zwischen D\u00f6ppersberg und Neumarkt starten die Pflasterarbeiten &#8211; blickfeld"},"content":{"rendered":"<p>\u201eMit dem Start der <strong>Bauma\u00dfnahmen f\u00fcr die Fu\u00dfg\u00e4ngerzone<\/strong> setzen wir einen wichtigen und lange erwarteten Schritt f\u00fcr Elberfeld: Eine <strong>moderne, barrierearme und einladende Fu\u00dfg\u00e4ngerzone<\/strong> zwischen <strong>D\u00f6ppersberg und Neumarkt<\/strong> entsteht, unterst\u00fctzt durch F\u00f6rdermittel von Bund und Land\u201c, freut sich der zust\u00e4ndige <strong>Dezernent Gunnar Ohrndorf<\/strong>, der weiter ausf\u00fchrt: \u201eDas neue helle Pflaster, Bauminseln, Sitzgelegenheiten, leistungsstarke Entw\u00e4sserung sowie Trinkbrunnen verbessern die <strong>Aufenthaltsqualit\u00e4t und Zug\u00e4nglichkeit<\/strong> deutlich. Wir achten darauf, die Arbeiten behutsam in kurzen Abschnitten durchzuf\u00fchren, damit Rettungswege jederzeit gew\u00e4hrleistet sind. Die Umsetzung erfolgt im engen Verbund mit der Stadtentwicklung \u2013 ISEK Elberfeld \u2013 und ist darauf ausgerichtet, langfristig die Aufenthaltsqualit\u00e4t und <strong>Attraktivit\u00e4t in Elberfeld<\/strong> sp\u00fcrbar zu erh\u00f6hen.\u201c<\/p>\n<p>Neue Fu\u00dfg\u00e4ngerzone soll im Sommer 2027 fertig sein<\/p>\n<p>Ab Montag beginnen laut den st\u00e4dtischen Verantwortlichen zeitgleich in der <strong>Poststra\u00dfe aus Richtung Kerstenplatz<\/strong> (vor Haus Nr. 1) und in der <strong>Alten Freiheit ab Sch\u00f6ne Gasse<\/strong> (vor Haus Nr. 1) die <strong>Pflasterarbeiten <\/strong>f\u00fcr die neue Fu\u00dfg\u00e4ngerzone. Die Arbeiten sollen in <strong>kleinen Abschnitten<\/strong> erfolgen, halbseitig, maximal 20 Meter L\u00e4nge, um die <strong>Rettungswege <\/strong>jederzeit zu gew\u00e4hrleisten. Die <strong>Poststra\u00dfe <\/strong>soll voraussichtlich im <strong>Sommer 2026<\/strong> fertig werden, die<strong> Alte Freiheit Anfang 2027<\/strong>. Der Umbau auf dem <strong>Kerstenplatz <\/strong>ist ab dem <strong>Winter 2026<\/strong> und die <strong>Gesamtfertigstellung des Projekts<\/strong> f\u00fcr <strong>Sommer 2027<\/strong> geplant; dabei seien Zeitfenster f\u00fcr wahrscheinlich eintretende <strong>arch\u00e4ologische Funde<\/strong> ber\u00fccksichtigt.<\/p>\n<p>Unterst\u00fctze die CampusZeitung blickfeld<\/p>\n<p><strong>Schon ein kleiner Beitrag hilft uns, unseren Job noch besser zu machen!<\/strong> So kannst du uns unterst\u00fctzen:<\/p>\n<p>Abo per <a class=\"gofollow\" data-track=\"MTIsMCw2MA==\" href=\"https:\/\/steadyhq.com\/de\/blickfeld-wuppertal\" rel=\"noopener noreferrer nofollow\" target=\"_blank\">Steady<\/a>, <a class=\"gofollow\" data-track=\"MTIsMCw2MA==\" href=\"https:\/\/www.paypal.me\/blickfeldwtal\" rel=\"noopener noreferrer nofollow\" target=\"_blank\">Einmalzahlung<\/a> oder <a class=\"gofollow\" data-track=\"MTIsMCw2MA==\" href=\"https:\/\/www.blickfeld-wuppertal.de\/anzeigen-abo\/werbeanzeige-schalten\" rel=\"noopener noreferrer nofollow\" target=\"_blank\">Anzeige<\/a><\/p>\n<p>Damit wir unser Engagement ausbauen k\u00f6nnen, ist eure Unterst\u00fctzung gefragt &#8211; f\u00fcr mehr Recherchen und Berichte.<\/p>\n<p><strong>Ihr k\u00f6nnt uns mit einem monatlichen oder einmaligen Beitrag unterst\u00fctzen oder eine Anzeige schalten.<\/strong><\/p>\n<p><a class=\"gofollow\" data-track=\"MTIsMCw2MA==\" href=\"https:\/\/steadyhq.com\/de\/blickfeld-wuppertal\" rel=\"noopener noreferrer nofollow\" target=\"_blank\">Abo per Steady<\/a> | <a class=\"gofollow\" data-track=\"MTIsMCw2MA==\" href=\"https:\/\/www.paypal.me\/blickfeldwtal\" rel=\"noopener noreferrer nofollow\" target=\"_blank\">Einmalzahlung mit PayPal<\/a> | <a class=\"gofollow\" data-track=\"MTIsMCw2MA==\" href=\"https:\/\/www.blickfeld-wuppertal.de\/anzeigen-abo\/werbeanzeige-schalten\" rel=\"noopener noreferrer nofollow\" target=\"_blank\">Anzeige schalten<\/a><br \/>\nZur CampusZeitung blickfeld:<\/p>\n<p>Seit 2011 versorgen wir als <a class=\"gofollow\" data-track=\"MTIsMCw2MA==\" href=\"https:\/\/www.blickfeld-wuppertal.de\/ueber-uns\" rel=\"noopener noreferrer nofollow\" target=\"_blank\">unabh\u00e4ngiges Medium an der Bergischen Universit\u00e4t Wuppertal<\/a> die Studierenden, Mitarbeiter\/-innen und alle Interessierten aus dem Bergischen St\u00e4dtedreieck und dar\u00fcber hinaus mit Nachrichten vom Campus und aus dem Tal. Unsere <strong>Unabh\u00e4ngigkeit<\/strong> ist unsere st\u00e4rkste Eigenschaft. Wir sind weder eine Zeitung des Allgemeinen Studierendenausschusses (AStA) noch eine Publikation unter der Schirmherrschaft der Universit\u00e4t. Damit sind wir keinen fremden Interessen verpflichtet, k\u00f6nnen frei Themen w\u00e4hlen und dabei auch unbequem werden. <a class=\"gofollow\" data-track=\"MTIsMCw2MA==\" href=\"https:\/\/www.blickfeld-wuppertal.de\/ueber-uns\" rel=\"noopener noreferrer nofollow\" target=\"_blank\">Mehr \u00fcber uns &#8230;<\/a><\/p>\n<p>Die derzeit gesch\u00e4tzten <strong>Gesamtbaukosten <\/strong>f\u00fcr die Ma\u00dfnahme inklusive baubegleitender Arch\u00e4ologie und Nebenarbeiten belaufen sich auf etwa <strong>acht Millionen Euro<\/strong>.<\/p>\n<p>Interessierte B\u00fcrger:innen k\u00f6nnen sich im <strong>Baustellen-Info-B\u00fcro in der Schwanenstra\u00dfe 33<\/strong> oder auf der Internetseite <a href=\"https:\/\/www.unser-elberfeld.de\" target=\"_blank\" rel=\"noreferrer noopener nofollow\">www.unser-elberfeld.de<\/a> informieren. Ebenso befindet sich ein Hinweis auf der <strong>Baustellenseite der Stadt Wuppertal<\/strong> unter: <a href=\"https:\/\/www.wuppertal.de\/rathaus-buergerservice\/verkehr\/baustellen\/aktuelle-baustellen.php\" target=\"_blank\" rel=\"noreferrer noopener nofollow\">www.wuppertal.de<\/a> \u00bb<a href=\"https:\/\/www.blickfeld-wuppertal.de\/ueber-uns\/blickfeld-redaktion\" rel=\"nofollow noopener\" target=\"_blank\">red<\/a>\u00ab<\/p>\n","protected":false},"excerpt":{"rendered":"\u201eMit dem Start der Bauma\u00dfnahmen f\u00fcr die Fu\u00dfg\u00e4ngerzone setzen wir einen wichtigen und lange erwarteten Schritt f\u00fcr Elberfeld:&hellip;\n","protected":false},"author":2,"featured_media":524128,"comment_status":"","ping_status":"","sticky":false,"template":"","format":"standard","meta":{"footnotes":""},"categories":[1840],"tags":[3364,29,26873,16373,30,1209,16375,4418],"class_list":{"0":"post-524127","1":"post","2":"type-post","3":"status-publish","4":"format-standard","5":"has-post-thumbnail","7":"category-wuppertal","8":"tag-de","9":"tag-deutschland","10":"tag-doeppersberg","11":"tag-elberfeld","12":"tag-germany","13":"tag-nordrhein-westfalen","14":"tag-red","15":"tag-wuppertal"},"share_on_mastodon":{"url":"https:\/\/pubeurope.com\/@de\/115431034478700861","error":""},"_links":{"self":[{"href":"https:\/\/www.europesays.com\/de\/wp-json\/wp\/v2\/posts\/524127","targetHints":{"allow":["GET"]}}],"collection":[{"href":"https:\/\/www.europesays.com\/de\/wp-json\/wp\/v2\/posts"}],"about":[{"href":"https:\/\/www.europesays.com\/de\/wp-json\/wp\/v2\/types\/post"}],"author":[{"embeddable":true,"href":"https:\/\/www.europesays.com\/de\/wp-json\/wp\/v2\/users\/2"}],"replies":[{"embeddable":true,"href":"https:\/\/www.europesays.com\/de\/wp-json\/wp\/v2\/comments?post=524127"}],"version-history":[{"count":0,"href":"https:\/\/www.europesays.com\/de\/wp-json\/wp\/v2\/posts\/524127\/revisions"}],"wp:featuredmedia":[{"embeddable":true,"href":"https:\/\/www.europesays.com\/de\/wp-json\/wp\/v2\/media\/524128"}],"wp:attachment":[{"href":"https:\/\/www.europesays.com\/de\/wp-json\/wp\/v2\/media?parent=524127"}],"wp:term":[{"taxonomy":"category","embeddable":true,"href":"https:\/\/www.europesays.com\/de\/wp-json\/wp\/v2\/categories?post=524127"},{"taxonomy":"post_tag","embeddable":true,"href":"https:\/\/www.europesays.com\/de\/wp-json\/wp\/v2\/tags?post=524127"}],"curies":[{"name":"wp","href":"https:\/\/api.w.org\/{rel}","templated":true}]}}