{"id":524215,"date":"2025-10-24T21:19:18","date_gmt":"2025-10-24T21:19:18","guid":{"rendered":"https:\/\/www.europesays.com\/de\/524215\/"},"modified":"2025-10-24T21:19:18","modified_gmt":"2025-10-24T21:19:18","slug":"heidi-klum-erhaelt-2025-ihren-dritten-bambi","status":"publish","type":"post","link":"https:\/\/www.europesays.com\/de\/524215\/","title":{"rendered":"Heidi Klum erh\u00e4lt 2025 ihren dritten Bambi"},"content":{"rendered":"<p><img alt=\"Heidi Klum bei der Bambi-Verleihung im Jahr 2015 im Theater am Potsdamer Platz in Berlin. (Bild: imago\/Coldrey)\" loading=\"lazy\" width=\"960\" height=\"640\" decoding=\"async\" data-nimg=\"1\" class=\"rounded-lg\" style=\"color:transparent\" src=\"https:\/\/www.europesays.com\/de\/wp-content\/uploads\/2025\/10\/42ae0a4810f851a7cc600894a4c2c316.jpeg\"\/><\/p>\n<p>Heidi Klum bei der Bambi-Verleihung im Jahr 2015 im Theater am Potsdamer Platz in Berlin (Bild: imago\/Coldrey)<\/p>\n<p class=\"mb-4 text-lg md:leading-8 break-words\">Heidi Klum (52) wird bei der diesj\u00e4hrigen Preisverleihung am 13. November erneut mit einem Bambi ausgezeichnet, wie die Veranstalter am Freitag mitteilten. Sie erh\u00e4lt den <a data-i13n=\"cpos:1;pos:1\" href=\"https:\/\/de.nachrichten.yahoo.com\/heidi-klum-neuen-staffel-project-042511807.html\" data-ylk=\"slk:Medienpreis in der Kategorie Entertainment;cpos:1;pos:1;elm:context_link;itc:0;sec:content-canvas;outcm:mb_qualified_link;_E:mb_qualified_link;ct:story;\" class=\"link  yahoo-link\" target=\"_blank\" rel=\"noopener\">Medienpreis in der Kategorie Entertainment<\/a>. Gew\u00fcrdigt werden damit ihr Einsatz f\u00fcr Diversit\u00e4t in &#8222;<a data-i13n=\"cpos:2;pos:1\" href=\"https:\/\/de.nachrichten.yahoo.com\/heidi-klum-dreht-%C3%BC-neue-094709635.html\" data-ylk=\"slk:Germany&#039;s Next Topmodel;cpos:2;pos:1;elm:context_link;itc:0;sec:content-canvas;outcm:mb_qualified_link;_E:mb_qualified_link;ct:story;\" class=\"link  yahoo-link\" target=\"_blank\" rel=\"noopener\">Germany&#8217;s Next Topmodel<\/a>&#8220; sowie ihre Karriere als Model, Moderatorin und Unternehmerin.<\/p>\n<p class=\"mb-4 text-lg md:leading-8 break-words\">&#8222;Heidi Klum zeigt, dass <a data-i13n=\"cpos:3;pos:1\" href=\"https:\/\/de.nachrichten.yahoo.com\/heidi-klum-wiesn-ans-gntm-071109342.html\" data-ylk=\"slk:Erfolg und Menschlichkeit;cpos:3;pos:1;elm:context_link;itc:0;sec:content-canvas;outcm:mb_qualified_link;_E:mb_qualified_link;ct:story;\" class=\"link  yahoo-link\" target=\"_blank\" rel=\"noopener\">Erfolg und Menschlichkeit<\/a> sich nicht ausschlie\u00dfen. Mit ihrer Energie, ihrem Humor und ihrer Offenheit ist sie l\u00e4ngst zu einem Vorbild f\u00fcr Generationen geworden, die ihren eigenen Weg gehen wollen&#8220;, hei\u00dft es in einer Mitteilung von Hubert Burda Media. Klum stehe f\u00fcr eine au\u00dfergew\u00f6hnliche Laufbahn, die weit \u00fcber die Grenzen der Mode- und Unterhaltungsbranche hinausstrahle, und leiste einen nachhaltigen Beitrag zur F\u00f6rderung gesellschaftlicher Vielfalt.<\/p>\n<p class=\"mb-4 text-lg md:leading-8 break-words\">In den bisher 333 Episoden von &#8222;Germany&#8217;s Next Topmodel&#8220; mit 542 Kandidatinnen und Kandidaten setzt sich Klum konsequent daf\u00fcr ein, Sch\u00f6nheitsideale aufzubrechen und Menschen unterschiedlichster Herkunft, Altersgruppen, K\u00f6rperformen und Geschlechter in den Mittelpunkt zu stellen.<\/p>\n<p><a data-ylk=\"ct:story;elm:img;itc:0;\" class=\"stretched-box\" href=\"https:\/\/whatsapp.com\/channel\/0029Vb475RN0lwgxhmPc4U1Z\" rel=\"noopener noreferrer nofollow\" target=\"_blank\"><img alt=\"\" loading=\"lazy\" width=\"960\" height=\"264\" decoding=\"async\" data-nimg=\"1\" class=\"rounded-lg\" style=\"color:transparent\" src=\"https:\/\/www.europesays.com\/de\/wp-content\/uploads\/2025\/10\/2f6118f0-2743-11f0-8edf-329702b2e1a7.jpeg\"\/><\/a>Dritter Bambi f\u00fcr Heidi Klum<\/p>\n<p class=\"mb-4 text-lg md:leading-8 break-words\">F\u00fcr Heidi Klum ist es bereits das dritte goldene Reh, erstmals in der Kategorie Entertainment. Zuvor erhielt sie den Preis 2003 und 2015 in der Kategorie Fashion.<\/p>\n<p class=\"mb-4 text-lg md:leading-8 break-words\">&#8222;Wir feiern Heidi Klum f\u00fcr das, was sie \u00fcber all die Jahre immer wieder am Set und in Interviews gezeigt hat: Disziplin trifft auf unbeschwerte Fr\u00f6hlichkeit, Professionalit\u00e4t auf warmherzigen Respekt und erfrischende Offenheit&#8220;, sagte Sophie Gr\u00fctzner, Chefredakteurin des Magazins Instyle und Mitglied der Bambi-Jury.<\/p>\n<p class=\"mb-4 text-lg md:leading-8 break-words\">Seit ihrem Model-Deb\u00fct 1992 hat Klum eine internationale Karriere aufgebaut und engagiert sich zudem f\u00fcr soziale Projekte, etwa f\u00fcr UNICEF, die Elton John AIDS Foundation und amfAR.<\/p>\n<p class=\"mb-4 text-lg md:leading-8 break-words\">Die Bambi-Verleihung, die 1948 ins Leben gerufen wurde, findet am 13. November in den Bavaria Studios in M\u00fcnchen statt. Der Livestream wird bei Prime Video gezeigt.<\/p>\n","protected":false},"excerpt":{"rendered":"Heidi Klum bei der Bambi-Verleihung im Jahr 2015 im Theater am Potsdamer Platz in Berlin (Bild: imago\/Coldrey) Heidi&hellip;\n","protected":false},"author":2,"featured_media":524216,"comment_status":"","ping_status":"","sticky":false,"template":"","format":"standard","meta":{"footnotes":""},"categories":[1776],"tags":[129468,1801,29,214,30,5135,129469,1802,215],"class_list":{"0":"post-524215","1":"post","2":"type-post","3":"status-publish","4":"format-standard","5":"has-post-thumbnail","7":"category-prominente","8":"tag-bambi-verleihung","9":"tag-celebrities","10":"tag-deutschland","11":"tag-entertainment","12":"tag-germany","13":"tag-heidi-klum","14":"tag-kategorie-entertainment","15":"tag-prominente","16":"tag-unterhaltung"},"share_on_mastodon":{"url":"https:\/\/pubeurope.com\/@de\/115431235575628833","error":""},"_links":{"self":[{"href":"https:\/\/www.europesays.com\/de\/wp-json\/wp\/v2\/posts\/524215","targetHints":{"allow":["GET"]}}],"collection":[{"href":"https:\/\/www.europesays.com\/de\/wp-json\/wp\/v2\/posts"}],"about":[{"href":"https:\/\/www.europesays.com\/de\/wp-json\/wp\/v2\/types\/post"}],"author":[{"embeddable":true,"href":"https:\/\/www.europesays.com\/de\/wp-json\/wp\/v2\/users\/2"}],"replies":[{"embeddable":true,"href":"https:\/\/www.europesays.com\/de\/wp-json\/wp\/v2\/comments?post=524215"}],"version-history":[{"count":0,"href":"https:\/\/www.europesays.com\/de\/wp-json\/wp\/v2\/posts\/524215\/revisions"}],"wp:featuredmedia":[{"embeddable":true,"href":"https:\/\/www.europesays.com\/de\/wp-json\/wp\/v2\/media\/524216"}],"wp:attachment":[{"href":"https:\/\/www.europesays.com\/de\/wp-json\/wp\/v2\/media?parent=524215"}],"wp:term":[{"taxonomy":"category","embeddable":true,"href":"https:\/\/www.europesays.com\/de\/wp-json\/wp\/v2\/categories?post=524215"},{"taxonomy":"post_tag","embeddable":true,"href":"https:\/\/www.europesays.com\/de\/wp-json\/wp\/v2\/tags?post=524215"}],"curies":[{"name":"wp","href":"https:\/\/api.w.org\/{rel}","templated":true}]}}