{"id":524224,"date":"2025-10-24T21:27:14","date_gmt":"2025-10-24T21:27:14","guid":{"rendered":"https:\/\/www.europesays.com\/de\/524224\/"},"modified":"2025-10-24T21:27:14","modified_gmt":"2025-10-24T21:27:14","slug":"nach-acht-kindern-anna-maria-ferchichi-teilt-ihr-aktuelles-gewicht","status":"publish","type":"post","link":"https:\/\/www.europesays.com\/de\/524224\/","title":{"rendered":"Nach acht Kindern: Anna-Maria Ferchichi teilt ihr aktuelles Gewicht"},"content":{"rendered":"<p>&#8222;Esse keine Kleinigkeiten zwischendurch&#8220;<\/p>\n<p>Nach acht Kindern: Anna-Maria Ferchichi verr\u00e4t ihr aktuelles Gewicht<\/p>\n<p><img decoding=\"async\" data-hk=\"00932120a13011002010\" loading=\"lazy\" src=\"https:\/\/www.europesays.com\/de\/wp-content\/uploads\/2025\/10\/1761341233_398_7b1cd1c5-2b8e-40c9-9408-d176bb260d0c.667c078d-c629-4d48-aaa1-a98d5dc5e16c.JPEG\" alt=\"Lisa Klugmayer\" width=\"48\" height=\"48\"\/>Lisa Klugmayervon <a href=\"https:\/\/www.bunte.de\/autoren\/lisa-klugmayer_33035326-7948-4bdb-a211-1705cd72f7a9.html\" rel=\"nofollow noopener\" target=\"_blank\">Lisa Klugmayer<\/a><\/p>\n<p>24.10.2025, 21:51 Uhr<\/p>\n<p>24. Oktober 2025 um 21:51 Uhr<\/p>\n<p>Acht Kinder \u2013 und trotzdem top in Form! Anna-Maria Ferchichi begeistert ihre Fans immer wieder mit ihrer Figur. Jetzt verr\u00e4t Bushidos Frau ehrlich, wie viel sie wiegt.<\/p>\n<p><a href=\"https:\/\/www.bunte.de\/starprofile\/anna-maria-ferchichi\/pages\/page-1.html\" rel=\"follow nofollow noopener\" target=\"_self\">Anna-Maria Ferchichi<\/a> (43) gew\u00e4hrt ihren Fans immer wieder Einblicke in ihr Privatleben \u2013 von den Herausforderungen des Alltags mit acht Kindern bis hin zu ihrer Beziehung zu Rapper Bushido (47). Auch ihr Gewicht h\u00e4lt sie nicht geheim: Selbst nach acht Schwangerschaften pr\u00e4sentiert sie sich in beeindruckender Topform.<\/p>\n<p>So viel wiegt Anna-Maria Ferchichi nach acht Kindern<\/p>\n<p>In einer Instagram-Fragerunde wollte ein Fan nun das K\u00f6rpergewicht von Anna-Maria Ferchichi wissen. F\u00fcr viele ist das ein sensibles Thema, doch die Frau von Bushido antwortete prompt: Bei einer K\u00f6rpergr\u00f6\u00dfe von 1,72 Metern wiegt sie derzeit 56 Kilo.<\/p>\n<p>ANZEIGE<\/p>\n<p>In einer anderen Instagram-Story betont sie, dass sie dabei noch nie Kalorien gez\u00e4hlt habe. \u201eIch esse keine Kleinigkeiten zwischendurch und achte auf viel Gem\u00fcse und Fisch\u201c, verr\u00e4t sie stattdessen.<\/p>\n<p><img decoding=\"async\" data-hk=\"00932120a20150302010\" loading=\"lazy\"  src=\"https:\/\/www.europesays.com\/de\/wp-content\/uploads\/2025\/10\/cfa3ed55-6b0f-4364-b815-d7cf1c0b31bc.ff9b7275-2e56-4090-93a7-34c4fa3e41a5.jpg\"  alt=\"Nach 8 Kindern: Anna-Maria Ferchichi lie\u00df sich die Bauchdecke straffen\" width=\"1080\" height=\"720\"\/> Nach 8 Kindern: Anna-Maria Ferchichi lie\u00df sich die Bauchdecke straffen   IMAGO \/ Christian Grube Nicht nur Disziplin: Anna-Maria Ferchichi macht aus ihren Sch\u00f6nheits-OPs kein Geheimnis<\/p>\n<p>Doch der K\u00f6rper von Anna-Maria Ferchichi ist nicht nur das Ergebnis guter Ern\u00e4hrung, Disziplin und viel Sport. Die Influencerin steht zu ihren Beauty-Eingriffen und macht auch daraus kein Geheimnis. So hat sich Ferchichi beispielsweise einer Bauchdeckenstraffung unterzogen.\u00a0<\/p>\n<p>ANZEIGE<\/p>\n<p>\u201eSolange ich gerade gestanden habe, war mein Bauch echt immer sehr sch\u00f6n. Aber im Sitzen war das schon viel Haut, und das ist dann auch immer so in die Oberschenkelfalten gerutscht. Ich fand das sehr unangenehm, wenn es warm war\u201c, erkl\u00e4rte sie damals ihre Beweggr\u00fcnde.<\/p>\n","protected":false},"excerpt":{"rendered":"&#8222;Esse keine Kleinigkeiten zwischendurch&#8220; Nach acht Kindern: Anna-Maria Ferchichi verr\u00e4t ihr aktuelles Gewicht Lisa Klugmayervon Lisa Klugmayer 24.10.2025,&hellip;\n","protected":false},"author":2,"featured_media":524225,"comment_status":"","ping_status":"","sticky":false,"template":"","format":"standard","meta":{"footnotes":""},"categories":[155],"tags":[29,214,30,215],"class_list":{"0":"post-524224","1":"post","2":"type-post","3":"status-publish","4":"format-standard","5":"has-post-thumbnail","7":"category-unterhaltung","8":"tag-deutschland","9":"tag-entertainment","10":"tag-germany","11":"tag-unterhaltung"},"share_on_mastodon":{"url":"https:\/\/pubeurope.com\/@de\/115431266864339675","error":""},"_links":{"self":[{"href":"https:\/\/www.europesays.com\/de\/wp-json\/wp\/v2\/posts\/524224","targetHints":{"allow":["GET"]}}],"collection":[{"href":"https:\/\/www.europesays.com\/de\/wp-json\/wp\/v2\/posts"}],"about":[{"href":"https:\/\/www.europesays.com\/de\/wp-json\/wp\/v2\/types\/post"}],"author":[{"embeddable":true,"href":"https:\/\/www.europesays.com\/de\/wp-json\/wp\/v2\/users\/2"}],"replies":[{"embeddable":true,"href":"https:\/\/www.europesays.com\/de\/wp-json\/wp\/v2\/comments?post=524224"}],"version-history":[{"count":0,"href":"https:\/\/www.europesays.com\/de\/wp-json\/wp\/v2\/posts\/524224\/revisions"}],"wp:featuredmedia":[{"embeddable":true,"href":"https:\/\/www.europesays.com\/de\/wp-json\/wp\/v2\/media\/524225"}],"wp:attachment":[{"href":"https:\/\/www.europesays.com\/de\/wp-json\/wp\/v2\/media?parent=524224"}],"wp:term":[{"taxonomy":"category","embeddable":true,"href":"https:\/\/www.europesays.com\/de\/wp-json\/wp\/v2\/categories?post=524224"},{"taxonomy":"post_tag","embeddable":true,"href":"https:\/\/www.europesays.com\/de\/wp-json\/wp\/v2\/tags?post=524224"}],"curies":[{"name":"wp","href":"https:\/\/api.w.org\/{rel}","templated":true}]}}