{"id":524492,"date":"2025-10-25T00:07:03","date_gmt":"2025-10-25T00:07:03","guid":{"rendered":"https:\/\/www.europesays.com\/de\/524492\/"},"modified":"2025-10-25T00:07:03","modified_gmt":"2025-10-25T00:07:03","slug":"schwester-von-sarah-connor-verraet-ihr-gewicht","status":"publish","type":"post","link":"https:\/\/www.europesays.com\/de\/524492\/","title":{"rendered":"Schwester von Sarah Connor verr\u00e4t ihr Gewicht"},"content":{"rendered":"<p>Frau von Bushido <\/p>\n<p>Nach acht Kindern: Anna-Maria Ferchichi verr\u00e4t ihr Gewicht<\/p>\n<p>Aktualisiert am 24.10.2025 &#8211; 22:43 UhrLesedauer: 2 Min.<\/p>\n<p><a href=\"#focus-0\" class=\"transition-colors duration-200 block text-current relative\" data-sctrack=\"FocusGalleryImage.Reference\"><img fetchpriority=\"high\" data-testid=\"Opener.Image\" style=\"--lqipURL:url('https:\/\/images.t-online.de\/2025\/10\/hWM2ncaM3UHX\/136x130:838x471\/fit-in\/150x0\/filters:blur(25)\/anna-maria-ferchichi-und-bushido-das-paar-ist-seit-2011-liiert.jpg')\"   loading=\"eager\" src=\"https:\/\/www.europesays.com\/de\/wp-content\/uploads\/2025\/10\/anna-maria-ferchichi-und-bushido-das-paar-ist-seit-2011-liiert.jpg\" alt=\"Anna-Maria Ferchichi und Bushido: Das Paar ist seit 2011 liiert.\" title=\"Anna-Maria Ferchichi und Bushido: Das Paar ist seit 2011 liiert.\" width=\"838\" height=\"471\" class=\"bg-[url:var(--lqipURL)] bg-cover bg-center flex h-full w-full max-w-full\" decoding=\"async\"\/><img style=\"--width:32;--height:32\" loading=\"lazy\" src=\"https:\/\/www.t-online.de\/s\/paper\/_next\/static\/media\/zoom-in.f7dae02f.svg\" alt=\"Vergr\u00f6\u00dfern des Bildes\" title=\"Vergr\u00f6\u00dfern des Bildes\" class=\"block h-[calc(var(--height)_\/_16_*_1rem)] w-[calc(var(--width)_\/_16_*_1rem)] max-w-none absolute bottom-8 right-8 rounded-4 bg-snow p-8\" decoding=\"async\"\/><\/a><\/p>\n<p>Anna-Maria Ferchichi und Bushido: Das Paar ist seit 2011 liiert. (Quelle: IMAGO\/Agentur Baganz)<\/p>\n<p class=\"font-bold text-18 leading-17\">Auch nach acht Kindern beeindruckt Anna-Maria Ferchichi ihre Fans mit ihrer Figur. Aus ihrem Gewicht macht die Frau von Rapper Bushido kein Geheimnis.<\/p>\n<p class=\"text-18 leading-17\">Die Geburt von acht Kindern, darunter eine Drillingsschwangerschaft, hat <a class=\"transition-colors duration-200 cursor-pointer text-inherit no-underline text-salemsfur md:hover:text-magenta md:hover:border-magenta md:focus:text-magenta border-current border-b border-solid break-words\" href=\"https:\/\/www.t-online.de\/themen\/anna-maria-ferchichi\/\" data-sctrack=\"BodyAnchor\" rel=\"nofollow noopener\" target=\"_blank\">Anna-Maria Ferchichi<\/a> bereits hinter sich. Dennoch ist die 43-J\u00e4hrige top in Form. Ihren Instagram-Followern zeigte sie sich jetzt, was ihr Gewicht angeht, gewohnt offen.<\/p>\n<p class=\"text-18 leading-17\">In einer Fragerunde wollte ein Follower wissen, wie viel die Frau von <a class=\"transition-colors duration-200 cursor-pointer text-inherit no-underline text-salemsfur md:hover:text-magenta md:hover:border-magenta md:focus:text-magenta border-current border-b border-solid break-words\" href=\"https:\/\/www.t-online.de\/themen\/bushido\/\" data-sctrack=\"BodyAnchor\" rel=\"nofollow noopener\" target=\"_blank\">Bushido<\/a> wiegt. Diese antwortete schlicht mit einer Zahl und enth\u00fcllte damit: Bei einer K\u00f6rpergr\u00f6\u00dfe von 1,72 Metern bringt sie derzeit 56 Kilo auf die Waage.<\/p>\n<p class=\"text-18 leading-17\">In einer anderen Instagram-Story betonte Ferchichi, dass sie noch nie Kalorien gez\u00e4hlt habe. &#8222;Esse keine Kleinigkeiten zwischendurch und achte auf viel Gem\u00fcse und Fisch&#8220;, verriet sie stattdessen ihre Essgewohnheiten.<\/p>\n<p class=\"text-18 leading-17\">Wie viel Disziplin n\u00f6tig ist, und wie ausgewogen sie sich ern\u00e4hrt, bewies die Schwester von <a class=\"transition-colors duration-200 cursor-pointer text-inherit no-underline text-salemsfur md:hover:text-magenta md:hover:border-magenta md:focus:text-magenta border-current border-b border-solid break-words\" href=\"https:\/\/www.t-online.de\/themen\/sarah-connor\/\" data-sctrack=\"BodyAnchor\" rel=\"nofollow noopener\" target=\"_blank\">Sarah Connor<\/a> im vergangenen Jahr, als sie ihrer Community zeigte, was sie an einem Tag isst. Um 7 Uhr startete sie mit einer Sch\u00fcssel <a class=\"transition-colors duration-200 cursor-pointer text-inherit no-underline text-salemsfur md:hover:text-magenta md:hover:border-magenta md:focus:text-magenta border-current border-b border-solid break-words\" href=\"https:\/\/www.t-online.de\/gesundheit\/ernaehrung\/id_100364210\/haferflocken-zum-fruehstueck-so-gut-kann-es-ihrem-koerper-tun.html\" data-sctrack=\"BodyAnchor\" rel=\"nofollow noopener\" target=\"_blank\">Haferflocken<\/a> oder M\u00fcsli. Dann widmete sie sich ihrem Workout, gefolgt von einer zweiten Mahlzeit: f\u00fcnf Eier und zwei Avocados, aber ohne Brot. Die Proteine helfen ihr, fit zu bleiben.<\/p>\n<p class=\"text-18 leading-17\">Als Zwischenmahlzeit griff Anna-Maria Ferchichi zu griechischem Joghurt mit Obst und Honig. &#8222;Null Fett, viele Proteine&#8220;, schrieb sie dazu. S\u00fc\u00dfigkeiten habe sie sich schon lange abgew\u00f6hnt. Zu Mittag gab es eine nahrhafte und kalorienarme Mahlzeit: thail\u00e4ndischen Salat aus gehacktem H\u00e4hnchenfleisch und Reis.<\/p>\n<p class=\"text-18 leading-17\">Ab 18 Uhr verzichtet die achtfache Mutter in der Regel sogar komplett auf Essen. Stattdessen g\u00f6nnte sie sich einen Protein-Shake. Doch das Ganze ist nicht in Stein gemei\u00dfelt. &#8222;Ausnahmen gibt es immer&#8220;, betonte sie.<\/p>\n<p class=\"text-18 leading-17\">Aber auch zu ihren Beauty-Eingriffen steht sie. So hat sich Ferchichi bereits einer Bauchdeckenstraffung unterzogen. &#8222;Solange ich gerade gestanden habe, war mein Bauch echt immer sehr sch\u00f6n. Aber im Sitzen war das schon viel Haut und das ist dann auch immer so in die Oberschenkelfalten gerutscht und ich fand das sehr unangenehm, wenn es warm ist&#8220;, erkl\u00e4rte sie die Beweggr\u00fcnde.<\/p>\n","protected":false},"excerpt":{"rendered":"Frau von Bushido Nach acht Kindern: Anna-Maria Ferchichi verr\u00e4t ihr Gewicht Aktualisiert am 24.10.2025 &#8211; 22:43 UhrLesedauer: 2&hellip;\n","protected":false},"author":2,"featured_media":524493,"comment_status":"","ping_status":"","sticky":false,"template":"","format":"standard","meta":{"footnotes":""},"categories":[1776],"tags":[52421,1266,1801,29,129483,214,30,152,1802,215],"class_list":{"0":"post-524492","1":"post","2":"type-post","3":"status-publish","4":"format-standard","5":"has-post-thumbnail","7":"category-prominente","8":"tag-anna-maria-ferchichi","9":"tag-bushido","10":"tag-celebrities","11":"tag-deutschland","12":"tag-drillingsschwangerschaft","13":"tag-entertainment","14":"tag-germany","15":"tag-instagram","16":"tag-prominente","17":"tag-unterhaltung"},"share_on_mastodon":{"url":"https:\/\/pubeurope.com\/@de\/115431896026427618","error":""},"_links":{"self":[{"href":"https:\/\/www.europesays.com\/de\/wp-json\/wp\/v2\/posts\/524492","targetHints":{"allow":["GET"]}}],"collection":[{"href":"https:\/\/www.europesays.com\/de\/wp-json\/wp\/v2\/posts"}],"about":[{"href":"https:\/\/www.europesays.com\/de\/wp-json\/wp\/v2\/types\/post"}],"author":[{"embeddable":true,"href":"https:\/\/www.europesays.com\/de\/wp-json\/wp\/v2\/users\/2"}],"replies":[{"embeddable":true,"href":"https:\/\/www.europesays.com\/de\/wp-json\/wp\/v2\/comments?post=524492"}],"version-history":[{"count":0,"href":"https:\/\/www.europesays.com\/de\/wp-json\/wp\/v2\/posts\/524492\/revisions"}],"wp:featuredmedia":[{"embeddable":true,"href":"https:\/\/www.europesays.com\/de\/wp-json\/wp\/v2\/media\/524493"}],"wp:attachment":[{"href":"https:\/\/www.europesays.com\/de\/wp-json\/wp\/v2\/media?parent=524492"}],"wp:term":[{"taxonomy":"category","embeddable":true,"href":"https:\/\/www.europesays.com\/de\/wp-json\/wp\/v2\/categories?post=524492"},{"taxonomy":"post_tag","embeddable":true,"href":"https:\/\/www.europesays.com\/de\/wp-json\/wp\/v2\/tags?post=524492"}],"curies":[{"name":"wp","href":"https:\/\/api.w.org\/{rel}","templated":true}]}}