{"id":524677,"date":"2025-10-25T01:55:18","date_gmt":"2025-10-25T01:55:18","guid":{"rendered":"https:\/\/www.europesays.com\/de\/524677\/"},"modified":"2025-10-25T01:55:18","modified_gmt":"2025-10-25T01:55:18","slug":"helmut-kohl-allee-die-heisse-phase-beginnt-im-fruehjahr-ludwigshafen","status":"publish","type":"post","link":"https:\/\/www.europesays.com\/de\/524677\/","title":{"rendered":"Helmut-Kohl-Allee: Die hei\u00dfe Phase beginnt im Fr\u00fchjahr &#8211; Ludwigshafen"},"content":{"rendered":"<p class=\"rhp-dpa-teaser\"><b>Sehr viele B\u00fcrger haben am Freitagnachmittag einen Info-Markt in der Rhein-Galerie \u00fcber den geplanten Stadtumbau besucht. Bald beginnt die hei\u00dfe Phase.<\/b><\/p>\n<p>\u201eDas kann ich mir noch nicht so richtig vorstellen, wie das alles einmal werden soll.\u201c Ein Besucher des  gro\u00dfen Info-Markts der Ludwigshafener Stadtverwaltung  in der Rhein-Galerie spricht am Freitagnachmittag mit Blick auf ein Modell der k\u00fcnftigen Innenstadt aus, was vermutlich<\/p>\n<p class=\"\">Bitte loggen Sie sich ein um den Artikel im Klartext zu sehen.<\/p>\n<p class=\"\">lineev urnLewhegifnsda dnu rennead ienetrIsenrest readeg dhruc dne Kpof get.h lVeei nsheneMc   l\u00e4eer,t erba hcua eni arap eugnj  idsn gm,eoenkm um shic ienen erl\u00dcbibck zu aevfnshrcfe bre\u00fc<\/p>\n<p class=\"\">ide ancsthgieig dnu  aetes,Bllu fau cihs edi dattS am inReh dnu iher hBrweneo nsieellnet  afu eid fincea<\/p>\n","protected":false},"excerpt":{"rendered":"Sehr viele B\u00fcrger haben am Freitagnachmittag einen Info-Markt in der Rhein-Galerie \u00fcber den geplanten Stadtumbau besucht. Bald beginnt&hellip;\n","protected":false},"author":2,"featured_media":524678,"comment_status":"","ping_status":"","sticky":false,"template":"","format":"standard","meta":{"footnotes":"","_share_on_mastodon":"0"},"categories":[1845],"tags":[1634,3364,29,548,663,3934,30,13,5959,25474,4060,25476,2096,14,15,5206,12,103981,129497],"class_list":["post-524677","post","type-post","status-publish","format-standard","has-post-thumbnail","category-mannheim","tag-baden-wuerttemberg","tag-de","tag-deutschland","tag-eu","tag-europa","tag-europe","tag-germany","tag-headlines","tag-hochstrasse","tag-jutta-steinruck","tag-lokal","tag-ludwigshafen","tag-mannheim","tag-nachrichten","tag-news","tag-rhein","tag-schlagzeilen","tag-schumacher-bruecke","tag-steidl"],"share_on_mastodon":{"url":"https:\/\/pubeurope.com\/@de\/115432320148199146","error":""},"_links":{"self":[{"href":"https:\/\/www.europesays.com\/de\/wp-json\/wp\/v2\/posts\/524677","targetHints":{"allow":["GET"]}}],"collection":[{"href":"https:\/\/www.europesays.com\/de\/wp-json\/wp\/v2\/posts"}],"about":[{"href":"https:\/\/www.europesays.com\/de\/wp-json\/wp\/v2\/types\/post"}],"author":[{"embeddable":true,"href":"https:\/\/www.europesays.com\/de\/wp-json\/wp\/v2\/users\/2"}],"replies":[{"embeddable":true,"href":"https:\/\/www.europesays.com\/de\/wp-json\/wp\/v2\/comments?post=524677"}],"version-history":[{"count":0,"href":"https:\/\/www.europesays.com\/de\/wp-json\/wp\/v2\/posts\/524677\/revisions"}],"wp:featuredmedia":[{"embeddable":true,"href":"https:\/\/www.europesays.com\/de\/wp-json\/wp\/v2\/media\/524678"}],"wp:attachment":[{"href":"https:\/\/www.europesays.com\/de\/wp-json\/wp\/v2\/media?parent=524677"}],"wp:term":[{"taxonomy":"category","embeddable":true,"href":"https:\/\/www.europesays.com\/de\/wp-json\/wp\/v2\/categories?post=524677"},{"taxonomy":"post_tag","embeddable":true,"href":"https:\/\/www.europesays.com\/de\/wp-json\/wp\/v2\/tags?post=524677"}],"curies":[{"name":"wp","href":"https:\/\/api.w.org\/{rel}","templated":true}]}}