{"id":525104,"date":"2025-10-25T06:12:12","date_gmt":"2025-10-25T06:12:12","guid":{"rendered":"https:\/\/www.europesays.com\/de\/525104\/"},"modified":"2025-10-25T06:12:12","modified_gmt":"2025-10-25T06:12:12","slug":"phil-siemers-kommt-nach-bielefeld-3x-2-karten-zu-gewinnen","status":"publish","type":"post","link":"https:\/\/www.europesays.com\/de\/525104\/","title":{"rendered":"Phil Siemers kommt nach Bielefeld &#8211; 3x 2 Karten zu gewinnen"},"content":{"rendered":"<p>        <a href=\"https:\/\/www.nw.de\/_em_daten\/_cache\/image\/1xNDVkbFA5eFFtZUhvNUo2U1ZVa0hzU2VKYmJUcC85eWEwTVJ5K0FITjEvRkFCSnJ2a2ZNbEJHdkk3NFdvOHByTEZZZFFxd25DSFhSZktuUW5iM3VYOGc9PQ\/251024-1407-654740170.jpg\" class=\"nw-article-image\" title=\"Cooler Groove, gute Texte: Phil Siemers.\" data-glightbox=\"type: image; description: Cooler Groove, gute Texte: Phil Siemers.  | \u00a9 Bianca Schmidt \" target=\"_blank\" rel=\"noopener\"><br \/>\n            <img decoding=\"async\" src=\"https:\/\/www.europesays.com\/de\/wp-content\/uploads\/2025\/10\/251024-1407-654740170.jpg\" class=\"nw-img-fluid nw-w-full nw-lazy nw-rounded-t-md\" alt=\"Cooler Groove, gute Texte: Phil Siemers. - \u00a9 Bianca Schmidt\" data-format=\"16:9\"\/><br \/>\n        <\/a><\/p>\n<p>                Cooler Groove, gute Texte: Phil Siemers.<br \/>\n                                    | \u00a9 Bianca Schmidt<\/p>\n<p id=\"absatz1\">Bielefeld. Was Phil Siemers mit seiner Band und im vergangenen Jahr zum ersten Mal auch solo auf die B\u00fchne gestellt hat, geh\u00f6rt zum Hochwertigsten, was popul\u00e4re, handgemachte Musik aus Deutschland zu bieten hat. Was Siemers macht, atmet Groove und L\u00e4ssigkeit; seine Stimme schmiegt sich butterweich zwischen Herz- und Magengegend, und die Atmosph\u00e4re knistert f\u00f6rmlich vor Pr\u00e4senz und Sinnlichkeit.<\/p>\n<p id=\"absatz2\" class=\"em_text\">\u201eWas wenn doch\u201c ist das dritte Album des 32 Jahre alten Musikers und wurde innerhalb von zw\u00f6lf Tagen via Crowdfunding finanziert. Es ist ein selbstbewusstes, organisches Album, dessen roter Faden Zuversicht und die vermeintlich unerreichbaren Tr\u00e4ume sind. Der gleichnamige Titeltrack bricht mit warm leuchtendem Chorus durch den Nebel \u2013 und mit Lyrics, die auf allen News-?portalen stehen sollten. In seinem musikalischen Bogen finden auch nachdenkliche Songs Platz.<\/p>\n<p id=\"absatz4\"><b class=\"bold\">Phils Siemers live<\/b><\/p>\n<p id=\"absatz5\" class=\"em_text\">Mittwoch, 12. November, 20 Uhr, Forum, Bielefeld;<\/p>\n<p id=\"absatz6\" class=\"em_text\">Karten (36,20 Euro): NW und <a href=\"https:\/\/www.nw.de\/events\/info\/1333660-phil-siemers-was-wenn-doch-tour-2026-tickets-bielefeld\" target=\"_blank\" rel=\"noopener\">hier.<\/a><\/p>\n<p id=\"absatz7\"><b class=\"bold\">Gewinnspiel<\/b><\/p>\n<p id=\"absatz8\">Wir verlosen 3x 2 Karten f\u00fcr <b class=\"bold\">Phils Siemers<\/b> am 12. November, im Forum Bielefeld. Das Gewinnspiel ist bis Donnerstag, 6. November, 23:59 Uhr online. Die Gewinner werden benachrichtig, der Rechtsweg ist ausgeschlossen!<\/p>\n","protected":false},"excerpt":{"rendered":"Cooler Groove, gute Texte: Phil Siemers. | \u00a9 Bianca Schmidt Bielefeld. Was Phil Siemers mit seiner Band und&hellip;\n","protected":false},"author":2,"featured_media":525105,"comment_status":"","ping_status":"","sticky":false,"template":"","format":"standard","meta":{"footnotes":""},"categories":[1841],"tags":[1605,3364,29,30,3012,16466,736,26866,735,1613,1209,129552,26867],"class_list":{"0":"post-525104","1":"post","2":"type-post","3":"status-publish","4":"format-standard","5":"has-post-thumbnail","7":"category-bielefeld","8":"tag-bielefeld","9":"tag-de","10":"tag-deutschland","11":"tag-germany","12":"tag-gewinnspiel","13":"tag-meta_artikelklasse_service","14":"tag-meta_copyrights_nw","15":"tag-meta_no_paywall","16":"tag-meta_themen_medien_kultur","17":"tag-meta_userneeds_informieremich","18":"tag-nordrhein-westfalen","19":"tag-phil-siemers","20":"tag-serie_event_kultur"},"share_on_mastodon":{"url":"https:\/\/pubeurope.com\/@de\/115433330769483707","error":""},"_links":{"self":[{"href":"https:\/\/www.europesays.com\/de\/wp-json\/wp\/v2\/posts\/525104","targetHints":{"allow":["GET"]}}],"collection":[{"href":"https:\/\/www.europesays.com\/de\/wp-json\/wp\/v2\/posts"}],"about":[{"href":"https:\/\/www.europesays.com\/de\/wp-json\/wp\/v2\/types\/post"}],"author":[{"embeddable":true,"href":"https:\/\/www.europesays.com\/de\/wp-json\/wp\/v2\/users\/2"}],"replies":[{"embeddable":true,"href":"https:\/\/www.europesays.com\/de\/wp-json\/wp\/v2\/comments?post=525104"}],"version-history":[{"count":0,"href":"https:\/\/www.europesays.com\/de\/wp-json\/wp\/v2\/posts\/525104\/revisions"}],"wp:featuredmedia":[{"embeddable":true,"href":"https:\/\/www.europesays.com\/de\/wp-json\/wp\/v2\/media\/525105"}],"wp:attachment":[{"href":"https:\/\/www.europesays.com\/de\/wp-json\/wp\/v2\/media?parent=525104"}],"wp:term":[{"taxonomy":"category","embeddable":true,"href":"https:\/\/www.europesays.com\/de\/wp-json\/wp\/v2\/categories?post=525104"},{"taxonomy":"post_tag","embeddable":true,"href":"https:\/\/www.europesays.com\/de\/wp-json\/wp\/v2\/tags?post=525104"}],"curies":[{"name":"wp","href":"https:\/\/api.w.org\/{rel}","templated":true}]}}