{"id":525106,"date":"2025-10-25T06:13:11","date_gmt":"2025-10-25T06:13:11","guid":{"rendered":"https:\/\/www.europesays.com\/de\/525106\/"},"modified":"2025-10-25T06:13:11","modified_gmt":"2025-10-25T06:13:11","slug":"komische-nacht-wir-verlosen-karten-fuer-bielefeld","status":"publish","type":"post","link":"https:\/\/www.europesays.com\/de\/525106\/","title":{"rendered":"Komische Nacht: Wir verlosen Karten f\u00fcr Bielefeld"},"content":{"rendered":"<p>        <a href=\"https:\/\/www.nw.de\/_em_daten\/_cache\/image\/1xY1FFNWJWMUpOdmVDSmV5VHVEQXhZaTkrQ3Z3WGFGN1NlYnh3U1pRK05oUkpVbDdDa2dvWVVKYk9USnlUV2swMmZWZHdWcm5RcXBtdXdBM2VPZW5PSFE9PQ\/251024-1350-654735472.jpg\" class=\"nw-article-image\" title=\"24. Komische Nacht Bielefeld\" data-glightbox=\"type: image; description: 24. Komische Nacht Bielefeld  | \u00a9 PR \" target=\"_blank\" rel=\"noopener\"><br \/>\n            <img decoding=\"async\" src=\"https:\/\/www.europesays.com\/de\/wp-content\/uploads\/2025\/10\/251024-1350-654735472.jpg\" class=\"nw-img-fluid nw-w-full nw-lazy nw-rounded-t-md\" alt=\"24. Komische Nacht Bielefeld - \u00a9 PR\" data-format=\"16:9\"\/><br \/>\n        <\/a><\/p>\n<p>                24. Komische Nacht Bielefeld<br \/>\n                                    | \u00a9 PR<\/p>\n<p id=\"absatz1\">Bielefeld. Am Mittwoch, 29. Oktober, geht die Komische Nacht zum 24. Mal in Bielefeld \u00fcber die B\u00fchne(n). Wir verlosen 3x 2 Karten f\u00fcr den Bunker Ulmenwall.<\/p>\n<p id=\"absatz2\" class=\"em_text\">Folgende K\u00fcnstler sind dabei:<\/p>\n<p id=\"absatz3\"><b class=\"bold\">Florentine Osche<\/b>Florentine Osche ist seit knapp zwei Jahren Teil der deutschsprachigen Comedyszene. Die geb\u00fcrtige Berlinerin trat bisher auf vielen Open Mics in der Hauptstadt, aber auch in anderen deutschen St\u00e4dten sowie der Schweiz auf. Seit einem Jahr hat sie einen eigenen Podcast, in dem sie sowohl \u00fcber ernstere Themen, als auch Alltagsbeobachtungen aus \u201eComedy-Sicht\u201c spricht. Auf der B\u00fchne \u00fcberrascht die junge K\u00fcnstlerin mit unerwarteten, kreativen Punchlines Richtung dark humor.<a href=\"https:\/\/www.instagram.com\/florentine_osche\/?hl=de\" target=\"_blank\" rel=\"noopener\">https:\/\/www.instagram.com\/florentine_osche\/?hl=de<\/a><\/p>\n<p id=\"absatz5\"><b class=\"bold\">G\u00f6tz Frittrang<\/b>Mit seinen Geschichten kratzt er am Tellerrand der Gesellschaft &#8211; und sein Suppenl\u00f6ffel ist schmutzig. Frittrang ist ein Ph\u00e4nomen, das sich nicht greifen l\u00e4sst: F\u00fcr manche, \u00fcber und f\u00fcr die er schreibt, ein Traum &#8211; f\u00fcr andere ein Alptraum.<a href=\"https:\/\/www.goetzfrittrang.de\" target=\"_blank\" rel=\"noopener\">https:\/\/www.goetzfrittrang.de<\/a><\/p>\n<p id=\"absatz6\"><b class=\"bold\">Jana Jansen<\/b>Jana ist die Antwort auf die Frage: Was w\u00e4re gewesen, h\u00e4tten Barbara Sch\u00f6neberger und Thomas Gottschalk eine Besenkammer geteilt? Blond, sehr lustig und noch viel wichtiger: f\u00fcr euch da. Ihre Show \u201eWertstoff Comedy\u201c ist ein Aush\u00e4ngeschild der Berliner Stand-Up-Szene. Und mit Janas Podcast \u201eWie wir leben wollen\u201c kommt ihre charismatische Art direkt ins Ohr.<a href=\"https:\/\/www.janajansen.de\/\" target=\"_blank\" rel=\"noopener\">https:\/\/www.janajansen.de\/<\/a><\/p>\n<p id=\"absatz7\"><b class=\"bold\">Lennart Schilgen<\/b>Wenn er nicht gerade Konzerte gibt und Kleinkunstpreise einheimst (Prix Pantheon, Stuttgarter Besen, u.v.m.) macht er vor allem eins: sich davon. Unter anderem geht\u2019s auf Radtour, ins Kloster und ins kommunistische Sommercamp. Oder auch nur in die Untiefen seiner Gedanken, was oft abenteuerlich und lustig genug ist, um davon in seinen Shows zu berichten.<a href=\"https:\/\/www.lennartschilgen.de\" target=\"_blank\" rel=\"noopener\">https:\/\/www.lennartschilgen.de<\/a><\/p>\n<p id=\"absatz8\"><b class=\"bold\">Markus Barth<\/b>Der gr\u00f6\u00dfte Vorteil im Leben eines Standup-Comedians? Egal was dir passiert, jede Gl\u00fccksstr\u00e4hne und jede Katastrophe &#8211; irgendwann wird eine fulminante B\u00fchnennummer draus. Pures Gold eben! Und so holt Markus Barth in seiner neuen Liveshow die Schaufel raus und gr\u00e4bt nach den Nuggets.<a href=\"https:\/\/www.markus-barth.de\" target=\"_blank\" rel=\"noopener\">https:\/\/www.markus-barth.de<\/a><\/p>\n<p id=\"absatz9\"><b class=\"bold\">Serhat Dogan<\/b>Was passiert, wenn ein T\u00fcrke mit Gr\u00f6nemeyer-Songs Deutsch lernt, sich in eine deutsche Sozialp\u00e4dagogin verliebt, und in Sachsen Baseball spielen will? Serhat Dogan bietet eine mitrei\u00dfende Mischung aus Humor und kultureller Vielfalt. Diese einzigartige Show sorgt f\u00fcr gemeinsame Freude durch herzerw\u00e4rmende Witze und pointierte Satire.<a href=\"https:\/\/www.serhatdogan.de\" target=\"_blank\" rel=\"noopener\">https:\/\/www.serhatdogan.de<\/a><\/p>\n<p id=\"absatz10\"><b class=\"bold\">Stefan Danziger<\/b>Stefan Danziger nimmt sich und seine Bedeutungslosigkeit auf die Schippe. Angefangen bei ganz pers\u00f6nlichen, allt\u00e4glichen Dingen bis hin zu weltgeschichtlichen Ereignissen, die vielleicht nur durch Scheitern m\u00f6glich wurden.<a href=\"https:\/\/www.stefan-danziger.de\" target=\"_blank\" rel=\"noopener\">https:\/\/www.stefan-danziger.de<\/a><\/p>\n<p id=\"absatz11\"><b class=\"bold\">24. Komische Nacht Bielefeld<\/b><\/p>\n<p id=\"absatz12\" class=\"em_text\">Dienstag, 4. November, ab 19.30 Uhr, div. Lokalit\u00e4ten, Bielefeld;<\/p>\n<p id=\"absatz13\" class=\"em_text\">Karten (30,70 Euro): NW und <a href=\"https:\/\/www.nw.de\/events\/info\/1335780-24-komische-nacht-bielefeld-comedy-standup\" target=\"_blank\" rel=\"noopener\">hier.<\/a><\/p>\n<p id=\"absatz14\"><b class=\"bold\">Gewinnspiel<\/b><\/p>\n<p id=\"absatz15\">Wir verlosen 3x 2 Karten f\u00fcr die <b class=\"bold\">24. Komische Nacht Bielefeld<\/b> am 29. Oktober im Bunker Ulmenwall. Das Gewinnspiel ist bis Montag, 27. Oktober 2025, 23:59 Uhr online. Die Gewinner werden benachrichtig, der Rechtsweg ist ausgeschlossen.<\/p>\n<p>                                                    <script async src=\"\/\/www.instagram.com\/embed.js\"><\/script><\/p>\n","protected":false},"excerpt":{"rendered":"24. Komische Nacht Bielefeld | \u00a9 PR Bielefeld. Am Mittwoch, 29. Oktober, geht die Komische Nacht zum 24.&hellip;\n","protected":false},"author":2,"featured_media":525107,"comment_status":"","ping_status":"","sticky":false,"template":"","format":"standard","meta":{"footnotes":""},"categories":[1841],"tags":[129553,1605,3364,29,30,16466,736,26866,735,1613,1209,293,26867,115249],"class_list":{"0":"post-525106","1":"post","2":"type-post","3":"status-publish","4":"format-standard","5":"has-post-thumbnail","7":"category-bielefeld","8":"tag-barbara-schneberger","9":"tag-bielefeld","10":"tag-de","11":"tag-deutschland","12":"tag-germany","13":"tag-meta_artikelklasse_service","14":"tag-meta_copyrights_nw","15":"tag-meta_no_paywall","16":"tag-meta_themen_medien_kultur","17":"tag-meta_userneeds_informieremich","18":"tag-nordrhein-westfalen","19":"tag-schweiz","20":"tag-serie_event_kultur","21":"tag-ulmenwall"},"share_on_mastodon":{"url":"https:\/\/pubeurope.com\/@de\/115433334675326537","error":""},"_links":{"self":[{"href":"https:\/\/www.europesays.com\/de\/wp-json\/wp\/v2\/posts\/525106","targetHints":{"allow":["GET"]}}],"collection":[{"href":"https:\/\/www.europesays.com\/de\/wp-json\/wp\/v2\/posts"}],"about":[{"href":"https:\/\/www.europesays.com\/de\/wp-json\/wp\/v2\/types\/post"}],"author":[{"embeddable":true,"href":"https:\/\/www.europesays.com\/de\/wp-json\/wp\/v2\/users\/2"}],"replies":[{"embeddable":true,"href":"https:\/\/www.europesays.com\/de\/wp-json\/wp\/v2\/comments?post=525106"}],"version-history":[{"count":0,"href":"https:\/\/www.europesays.com\/de\/wp-json\/wp\/v2\/posts\/525106\/revisions"}],"wp:featuredmedia":[{"embeddable":true,"href":"https:\/\/www.europesays.com\/de\/wp-json\/wp\/v2\/media\/525107"}],"wp:attachment":[{"href":"https:\/\/www.europesays.com\/de\/wp-json\/wp\/v2\/media?parent=525106"}],"wp:term":[{"taxonomy":"category","embeddable":true,"href":"https:\/\/www.europesays.com\/de\/wp-json\/wp\/v2\/categories?post=525106"},{"taxonomy":"post_tag","embeddable":true,"href":"https:\/\/www.europesays.com\/de\/wp-json\/wp\/v2\/tags?post=525106"}],"curies":[{"name":"wp","href":"https:\/\/api.w.org\/{rel}","templated":true}]}}