{"id":525119,"date":"2025-10-25T06:20:14","date_gmt":"2025-10-25T06:20:14","guid":{"rendered":"https:\/\/www.europesays.com\/de\/525119\/"},"modified":"2025-10-25T06:20:14","modified_gmt":"2025-10-25T06:20:14","slug":"usa-schicken-flugzeugtraeger-nach-lateinamerika","status":"publish","type":"post","link":"https:\/\/www.europesays.com\/de\/525119\/","title":{"rendered":"USA schicken Flugzeugtr\u00e4ger nach Lateinamerika"},"content":{"rendered":"<p class=\"MuiTypography-root MuiTypography-body1 mui-10xec3h\">Vorgehen gegen Drogenkartelle<\/p>\n<p class=\"MuiTypography-root MuiTypography-body1 mui-14q5hxa\">Ver\u00f6ffentlicht: Vor 9 Minuten<\/p>\n<p>von dpa<img alt=\"\" fetchpriority=\"high\" loading=\"eager\" width=\"2048\" height=\"1152\" decoding=\"async\" data-nimg=\"1\" class=\"mui-1k85kau\" style=\"color:transparent\"   src=\"https:\/\/www.europesays.com\/de\/wp-content\/uploads\/2025\/10\/1761373214_250_image\"\/><\/p>\n<p class=\"MuiTypography-root MuiTypography-body1 mui-1pymq60\">Der Flugzeugtr\u00e4ger &#8222;USS Gerald R. Ford&#8220; und der dazugeh\u00f6rige Verband sollen nach Lateinamerika. (Archivbild)<\/p>\n<p class=\"MuiTypography-root MuiTypography-body1 mui-s6rf3r\">Bild: Federico Gambarini\/dpa<\/p>\n<p class=\"MuiTypography-root MuiTypography-body1 mui-1qsr6u5\" data-testid=\"intro-paragraph\">Mit der Verlegung eines Flugzeugtr\u00e4gers und Angriffen auf mutma\u00dfliche Schmugglerboote versch\u00e4rfen die USA ihren Kampf gegen Drogenkartelle aus Lateinamerika. Pr\u00e4sident Trump spricht von einem &#8222;bewaffneten Konflikt&#8220;.<\/p>\n<p>Das Wichtigste in K\u00fcrze<\/p>\n<ul class=\"MuiList-root MuiList-padding mui-zwco0l\">\n<li class=\"MuiListItem-root MuiListItem-gutters MuiListItem-padding mui-12w1jk3\">\n<p class=\"MuiTypography-root MuiTypography-body1 mui-dhl62b\">Die USA versch\u00e4rfen ihren Kampf gegen Drogenkartelle aus Lateinamerika.<\/p>\n<\/li>\n<li class=\"MuiListItem-root MuiListItem-gutters MuiListItem-padding mui-12w1jk3\">\n<p class=\"MuiTypography-root MuiTypography-body1 mui-dhl62b\">Mit der Entsendung des Flugzeugtr\u00e4gers &#8222;USS Gerald R. Ford&#8220; und milit\u00e4rischen Angriffen auf mutma\u00dfliche Schmugglerboote setzt Pr\u00e4sident Trump auf eine harte Linie.<\/p>\n<\/li>\n<li class=\"MuiListItem-root MuiListItem-gutters MuiListItem-padding mui-12w1jk3\">\n<p class=\"MuiTypography-root MuiTypography-body1 mui-dhl62b\">Doch das Vorgehen st\u00f6\u00dft auf Kritik.<\/p>\n<\/li>\n<\/ul>\n<p class=\"MuiTypography-root MuiTypography-body1 mui-1pymq60\" data-testid=\"paragraph\">Der <a class=\"MuiTypography-root MuiTypography-inherit MuiLink-root MuiLink-underlineAlways mui-19ckmnu\" tabindex=\"0\" href=\"https:\/\/newstime.joyn.de\/themen\/politik\/freie-fahrt-fuer-cia-trump-erlaubt-einsaetze-in-venezuela-20786\" rel=\"nofollow noopener\" target=\"_blank\">Kampf der US-Regierung gegen Drogenkartelle aus Lateinamerika<\/a> hat eine neue Eskalationsstufe erreicht. US-Verteidigungsminister Pete Hegseth entsandte einen Flugzeugtr\u00e4ger in die Region, nur wenige Stunden nach dem Bekanntwerden des j\u00fcngsten Angriffs auf <strong>ein angeblich mit Drogen beladenes Boot.<\/strong> US-Pr\u00e4sident <a class=\"MuiTypography-root MuiTypography-inherit MuiLink-root MuiLink-underlineAlways mui-19ckmnu\" tabindex=\"0\" href=\"https:\/\/newstime.joyn.de\/themen\/politik\/donald-trump-13994\" target=\"_blank\" rel=\"nofollow noopener\">Donald Trump<\/a> k\u00fcndigte zudem ein hartes Durchgreifen gegen Rauschgiftschmuggler an &#8211; sowohl auf See als auch an Land. Allerdings gibt es an der bisherigen Vorgehensweise viel Kritik.<\/p>\n<p class=\"MuiTypography-root MuiTypography-body1 mui-1pymq60\" data-testid=\"paragraph\">Die Verlegung des <strong>Flugzeugtr\u00e4gers &#8222;USS Gerald R. Ford&#8220;<\/strong> k\u00f6nnte die ohnehin angespannte Situation zwischen den USA und lateinamerikanischen L\u00e4ndern wie Venezuela und Kolumbien weiter versch\u00e4rfen. Das gr\u00f6\u00dfte Kriegsschiff der Erde ist <strong>333 Meter lang und bietet Platz f\u00fcr bis zu 90 Kampfflugzeuge<\/strong> und Hubschrauber sowie mehrere Tausend Soldaten. Es wird von einem Atomreaktor angetrieben und ist <strong>nach dem<\/strong> <strong>38. Pr\u00e4sidenten der USA benannt.<\/strong><\/p>\n<p>Flugzeugtr\u00e4ger Tausende Kilometer von Karibik entfernt<\/p>\n<p class=\"MuiTypography-root MuiTypography-body1 mui-1pymq60\" data-testid=\"paragraph\">Nach Angaben des US-Senders CNN legte die Einsatzgruppe vor wenigen Tagen <strong>im kroatischen Split<\/strong> an. Damit w\u00e4re der Verbund <strong>rund 8.000 Kilometer von der Karibik entfernt<\/strong> und es w\u00fcrde Tage dauern, bis die Gruppe ihr neues Einsatzgebiet erreicht, berichtete der Sender.<\/p>\n<p class=\"MuiTypography-root MuiTypography-body1 mui-1pymq60\" data-testid=\"paragraph\"><a class=\"MuiTypography-root MuiTypography-inherit MuiLink-root MuiLink-underlineAlways mui-19ckmnu\" tabindex=\"0\" href=\"https:\/\/newstime.joyn.de\/themen\/politik\/trump-will-verteidigungsministerium-in-kriegsministerium-umbenennen-pentagon-12168\" rel=\"nofollow noopener\" target=\"_blank\">Hegseth, der sich inzwischen Kriegsminister nennt,<\/a> hatte am Freitag einen erneuten Schlag gegen angebliche Drogenschmuggler auf See \u00f6ffentlich gemacht. \u00dcber Nacht sei auf Anweisung Trumps ein Schiff in internationalen Gew\u00e4ssern attackiert worden, das das Pentagon der <strong>venezolanischen Drogenbande Tren de Aragua<\/strong> zuordne, teilte Hegseth auf X mit.<\/p>\n<p class=\"MuiTypography-root MuiTypography-body1 mui-1pymq60\" data-testid=\"paragraph\">Der Minister drohte, weiterhin konsequent gegen Drogenkartelle vorgehen zu wollen. Er steht damit auf einer Linie mit Trump. &#8222;<strong>Ich denke, wir werden einfach Leute t\u00f6ten, die Drogen in unser Land bringen&#8220;,<\/strong> sagte der Pr\u00e4sident am Donnerstag. Er stellte erneut in Aussicht, auch an Land gegen die Kartelle vorgehen zu wollen. Trump k\u00fcndigte an, das Parlament \u00fcber das weitere Vorgehen in Kenntnis zu setzen. Bereits am Mittwoch hatte er gesagt: <strong>&#8222;Wir werden sie sehr hart angreifen, wenn sie auf dem Landweg kommen.&#8220;<\/strong> Details dazu, wann und wie diese Angriffe gef\u00fchrt werden sollen, nannte er nicht.<\/p>\n<p>Seit Wochen US-Angriffe auf See<\/p>\n<p class=\"MuiTypography-root MuiTypography-body1 mui-1pymq60\" data-testid=\"paragraph\">In den vergangenen Wochen hatte das <strong>US-Milit\u00e4r mehrfach angeblich mit Drogen beladene Boote in der Karibik und im Pazifik angegriffen<\/strong>. Dutzende Menschen sollen dabei get\u00f6tet worden sein. Das Vorgehen zog viel Kritik nach sich, auch weil die rechtliche Grundlage f\u00fcr die Angriffe unklar ist. Die Vereinten Nationen riefen die US-Regierung zur Zur\u00fcckhaltung auf.<\/p>\n<p class=\"MuiTypography-root MuiTypography-body1 mui-1pymq60\" data-testid=\"paragraph\">US-Medien berichteten j\u00fcngst, der Pr\u00e4sident sch\u00e4tze die Situation so ein, dass sich die Vereinigten Staaten in einem <strong>&#8222;bewaffneten Konflikt&#8220; mit Drogenkartellen bef\u00e4nden<\/strong>. Die Drogenkartelle und ihnen zugerechnete mutma\u00dfliche Schmuggler stuft die US-Regierung demnach als &#8222;unrechtm\u00e4\u00dfige Kombattanten&#8220; ein.<\/p>\n<p class=\"MuiTypography-root MuiTypography-body1 mui-1pymq60\" data-testid=\"paragraph\">Trump zieht eine <strong>Parallele zu religi\u00f6s motiviertem Terrorismu<\/strong>s und nannte die Drogenkartelle <strong>&#8222;den Islamischen Staat der westlichen Hemisph\u00e4re&#8220;.<\/strong> Hegseth vergleicht sie mit der islamistischen Terrororganisation Al-Kaida.<\/p>\n<p>Lula kritisiert Vorgehen der USA<\/p>\n<p class=\"MuiTypography-root MuiTypography-body1 mui-1pymq60\" data-testid=\"paragraph\">Kurz vor einem m\u00f6glichen Treffen mit Trump beim Asean-Gipfel in Malaysia <strong>kritisierte<\/strong> der <strong>brasilianische Pr\u00e4sident Luiz In\u00e1cio Lula da Silva<\/strong> die j\u00fcngsten US-Milit\u00e4rangriffe gegen mutma\u00dfliche Drogenschmuggler vor den K\u00fcsten S\u00fcdamerikas. <strong>&#8222;Wenn sich das durchsetzt, glaubt jeder, er k\u00f6nne in das Territorium des anderen eindringen, um zu tun, was er will&#8220;<\/strong>, sagte Lula laut einem Bericht des Fernsehsenders TV Globo auf einer Reise nach Indonesien. &#8222;Wo bleibt dann der Respekt vor der Souver\u00e4nit\u00e4t der L\u00e4nder?&#8220;<\/p>\n<p class=\"MuiTypography-root MuiTypography-body1 mui-1pymq60\" data-testid=\"paragraph\">Auch Kolumbiens Pr\u00e4sident Gustavo Petro hatte die Milit\u00e4raktionen bereits verurteilt und den USA mehrfach Mord vorgeworfen. Das Vorgehen der US-Streitkr\u00e4fte sei nicht mit internationalem Recht vereinbar und zudem unwirksam. Es f\u00fchre nicht zum Erfolg, <strong>&#8222;Raketen auf Boote abzufeuern&#8220;.<\/strong> <strong>&#8222;Der gr\u00f6\u00dfte Teil des Kokains, das \u00fcber den Pazifik transportiert wird, wird auf Handelsschiffen ausgef\u00fchrt.&#8220; P<\/strong>etro warf Trump vor, mit seinem Vorgehen die Wahlen in Kolumbien im kommenden Jahr beeinflussen zu wollen.<\/p>\n<p>US-Regierung sanktioniert Petro<\/p>\n<p class=\"MuiTypography-root MuiTypography-body1 mui-1pymq60\" data-testid=\"paragraph\">Die <strong>US-Regierung verh\u00e4ngte am Freitag Sanktionen gegen Petro<\/strong>, weil sie ihm mangelndes Vorgehen gegen Drogenkartelle vorwirft. Seine Verm\u00f6genswerte in den Vereinigten Staaten seien dadurch gesperrt oder beschlagnahmt worden. Der kolumbianische Pr\u00e4sident wies die Vorw\u00fcrfe zur\u00fcck. &#8222;Der <strong>jahrzehntelange und wirksame Kampf<\/strong> gegen den Drogenhandel bringt mir diese Ma\u00dfnahme der Regierung einer Gesellschaft ein, der wir so sehr dabei geholfen haben, ihren Kokainkonsum einzud\u00e4mmen&#8220;, schrieb Petro auf der Plattform X. &#8222;<strong>Es ist paradox, aber wir gehen keinen Schritt zur\u00fcck und niemals auf die Knie.&#8220;<\/strong><\/p>\n<p class=\"MuiTypography-root MuiTypography-body1 mui-1pymq60\" data-testid=\"paragraph\">Die Beziehungen zwischen den USA und der autorit\u00e4ren Linksregierung in Venezuela sind bereits seit Jahren angespannt. Venezuelas Pr\u00e4sident Nicol\u00e1s Maduro wettert regelm\u00e4\u00dfig gegen den &#8222;US-Imperialismus&#8220;, Washington erkennt ihn seit seiner von Betrugsvorw\u00fcrfen \u00fcberschatteten Wiederwahl im vergangenen Jahr nicht mehr als rechtm\u00e4\u00dfigen Staatschef an und hat wegen Drogenvorw\u00fcrfen ein millionenschweres Kopfgeld auf ihn ausgesetzt.<\/p>\n<p>Sorge vor Eskalation: Truppenverlegungen und Man\u00f6ver<\/p>\n<p class=\"MuiTypography-root MuiTypography-body1 mui-1pymq60\" data-testid=\"paragraph\">Angesichts der j\u00fcngsten Entwicklungen w\u00e4chst in der Region die <strong>Sorge, dass es zu einer Eskalation<\/strong> kommen k\u00f6nnte: Bereits in den vergangenen Wochen verlegte das US-Milit\u00e4r Medienberichten zufolge Kampfflugzeuge, Marineschiffe und Hubschrauber in die Karibik.<\/p>\n<p class=\"MuiTypography-root MuiTypography-body1 mui-1pymq60\" data-testid=\"paragraph\">Das <strong>venezolanische Milit\u00e4r<\/strong> \u00fcbte seinerseits bei einem <strong>Man\u00f6ver die Landesverteidigung<\/strong>. An strategischen Punkten seien Luftabwehreinheiten stationiert worden, sagte <strong>Pr\u00e4sident Nicol\u00e1s Maduro.<\/strong> Jeder Versuch der <strong>Destabilisierung werde scheitern<\/strong>, sagte Venezuelas Verteidigungsminister Vladimir Padrino L\u00f3pez.<\/p>\n<p class=\"MuiTypography-root MuiTypography-body1 mui-1pymq60\" data-testid=\"paragraph\">Trump erw\u00e4gt laut einem Bericht des Senders CNN, <strong>gegen Kokainfabriken und Drogenhandelsrouten innerhalb Venezuelas vorzugehen.<\/strong> Er habe allerdings noch nicht entschieden, ob diese Pl\u00e4ne tats\u00e4chlich umgesetzt werden sollen, berichtet der Sender unter Berufung auf drei US-Regierungsbeamte. Der US-Pr\u00e4sident hat demnach auch einen diplomatischen Ansatz gegen\u00fcber Venezuela noch nicht ausgeschlossen.<\/p>\n<p>:newstime verpasst? Hier aktuelle Folge ansehenMehr entdecken<\/p>\n","protected":false},"excerpt":{"rendered":"Vorgehen gegen Drogenkartelle Ver\u00f6ffentlicht: Vor 9 Minuten von dpa Der Flugzeugtr\u00e4ger &#8222;USS Gerald R. Ford&#8220; und der dazugeh\u00f6rige&hellip;\n","protected":false},"author":2,"featured_media":525120,"comment_status":"","ping_status":"","sticky":false,"template":"","format":"standard","meta":{"footnotes":""},"categories":[3977],"tags":[331,332,13,14,15,12,4017,4018,4016,64,4019,4020],"class_list":{"0":"post-525119","1":"post","2":"type-post","3":"status-publish","4":"format-standard","5":"has-post-thumbnail","7":"category-usa","8":"tag-aktuelle-nachrichten","9":"tag-aktuelle-news","10":"tag-headlines","11":"tag-nachrichten","12":"tag-news","13":"tag-schlagzeilen","14":"tag-united-states","15":"tag-united-states-of-america","16":"tag-us","17":"tag-usa","18":"tag-vereinigte-staaten","19":"tag-vereinigte-staaten-von-amerika"},"share_on_mastodon":{"url":"https:\/\/pubeurope.com\/@de\/115433362281933582","error":""},"_links":{"self":[{"href":"https:\/\/www.europesays.com\/de\/wp-json\/wp\/v2\/posts\/525119","targetHints":{"allow":["GET"]}}],"collection":[{"href":"https:\/\/www.europesays.com\/de\/wp-json\/wp\/v2\/posts"}],"about":[{"href":"https:\/\/www.europesays.com\/de\/wp-json\/wp\/v2\/types\/post"}],"author":[{"embeddable":true,"href":"https:\/\/www.europesays.com\/de\/wp-json\/wp\/v2\/users\/2"}],"replies":[{"embeddable":true,"href":"https:\/\/www.europesays.com\/de\/wp-json\/wp\/v2\/comments?post=525119"}],"version-history":[{"count":0,"href":"https:\/\/www.europesays.com\/de\/wp-json\/wp\/v2\/posts\/525119\/revisions"}],"wp:featuredmedia":[{"embeddable":true,"href":"https:\/\/www.europesays.com\/de\/wp-json\/wp\/v2\/media\/525120"}],"wp:attachment":[{"href":"https:\/\/www.europesays.com\/de\/wp-json\/wp\/v2\/media?parent=525119"}],"wp:term":[{"taxonomy":"category","embeddable":true,"href":"https:\/\/www.europesays.com\/de\/wp-json\/wp\/v2\/categories?post=525119"},{"taxonomy":"post_tag","embeddable":true,"href":"https:\/\/www.europesays.com\/de\/wp-json\/wp\/v2\/tags?post=525119"}],"curies":[{"name":"wp","href":"https:\/\/api.w.org\/{rel}","templated":true}]}}