{"id":525132,"date":"2025-10-25T06:29:15","date_gmt":"2025-10-25T06:29:15","guid":{"rendered":"https:\/\/www.europesays.com\/de\/525132\/"},"modified":"2025-10-25T06:29:15","modified_gmt":"2025-10-25T06:29:15","slug":"stadtbild-demo-in-bonn-cdu-buero-beschmiert","status":"publish","type":"post","link":"https:\/\/www.europesays.com\/de\/525132\/","title":{"rendered":"&#8222;Stadtbild&#8220;-Demo in Bonn &#8211; CDU-B\u00fcro beschmiert"},"content":{"rendered":"<p class=\"small date article__date\">Ver\u00f6ffentlicht:\u00a0Freitag, 24.10.2025 17:53<\/p>\n<p>Die Diskussion um die \u201eStadtbild\u201c-Aussage von Bundeskanzler Merz hat jetzt auch Bonn erreicht. Unbekannte haben das Innenstadtb\u00fcro der Bonner CDU beschmiert.<\/p>\n<p><img decoding=\"async\" alt=\"\" src=\"https:\/\/www.europesays.com\/de\/wp-content\/uploads\/2025\/10\/merz.jpg&#038;resize=1280x800&#038;dt=202505060916100.jpeg\" data-size=\"1280x800\"\/>\u00a9 Michael Kappeler\/dpa<\/p>\n<p>Auf dem Schaufenster steht: \u201eDas Stadtbild w\u00e4re sch\u00f6ner ohne CDU\u201c. Das Bonner B\u00fcndnis gegen Rechts hat f\u00fcr morgen Nachmittag zu einer Demo aufgerufen. \u201eWir alle sind Bonn\u201c ist der angemeldete Name, die Demo soll ein Zeichen f\u00fcr Vielfalt, Solidarit\u00e4t und gegen rassistische Hetze setzen, hei\u00dft es vorab. Die Demo beginnt morgen um 14 Uhr auf dem Bonner Friedensplatz.<\/p>\n<p>Offener Brief an D\u00e9us<\/p>\n<p>Die Bonner Linke hat sich w\u00e4hrenddessen mit einem offenen Brief an den designierten Oberb\u00fcrgermeister D\u00e9us gewandt. Sie m\u00f6chte wissen, ob D\u00e9us seinem Parteichef zustimmt, oder sich von der oft kritisierten Aussage distanziert. <\/p>\n","protected":false},"excerpt":{"rendered":"Ver\u00f6ffentlicht:\u00a0Freitag, 24.10.2025 17:53 Die Diskussion um die \u201eStadtbild\u201c-Aussage von Bundeskanzler Merz hat jetzt auch Bonn erreicht. Unbekannte haben&hellip;\n","protected":false},"author":2,"featured_media":525133,"comment_status":"","ping_status":"","sticky":false,"template":"","format":"standard","meta":{"footnotes":""},"categories":[1842],"tags":[1741,3364,3387,29,775,30,1209,86898],"class_list":{"0":"post-525132","1":"post","2":"type-post","3":"status-publish","4":"format-standard","5":"has-post-thumbnail","7":"category-bonn","8":"tag-bonn","9":"tag-de","10":"tag-demo","11":"tag-deutschland","12":"tag-friedrich-merz","13":"tag-germany","14":"tag-nordrhein-westfalen","15":"tag-stadtbild"},"share_on_mastodon":{"url":"https:\/\/pubeurope.com\/@de\/115433397642612251","error":""},"_links":{"self":[{"href":"https:\/\/www.europesays.com\/de\/wp-json\/wp\/v2\/posts\/525132","targetHints":{"allow":["GET"]}}],"collection":[{"href":"https:\/\/www.europesays.com\/de\/wp-json\/wp\/v2\/posts"}],"about":[{"href":"https:\/\/www.europesays.com\/de\/wp-json\/wp\/v2\/types\/post"}],"author":[{"embeddable":true,"href":"https:\/\/www.europesays.com\/de\/wp-json\/wp\/v2\/users\/2"}],"replies":[{"embeddable":true,"href":"https:\/\/www.europesays.com\/de\/wp-json\/wp\/v2\/comments?post=525132"}],"version-history":[{"count":0,"href":"https:\/\/www.europesays.com\/de\/wp-json\/wp\/v2\/posts\/525132\/revisions"}],"wp:featuredmedia":[{"embeddable":true,"href":"https:\/\/www.europesays.com\/de\/wp-json\/wp\/v2\/media\/525133"}],"wp:attachment":[{"href":"https:\/\/www.europesays.com\/de\/wp-json\/wp\/v2\/media?parent=525132"}],"wp:term":[{"taxonomy":"category","embeddable":true,"href":"https:\/\/www.europesays.com\/de\/wp-json\/wp\/v2\/categories?post=525132"},{"taxonomy":"post_tag","embeddable":true,"href":"https:\/\/www.europesays.com\/de\/wp-json\/wp\/v2\/tags?post=525132"}],"curies":[{"name":"wp","href":"https:\/\/api.w.org\/{rel}","templated":true}]}}