{"id":525146,"date":"2025-10-25T06:39:39","date_gmt":"2025-10-25T06:39:39","guid":{"rendered":"https:\/\/www.europesays.com\/de\/525146\/"},"modified":"2025-10-25T06:39:39","modified_gmt":"2025-10-25T06:39:39","slug":"polizeieinsatz-toedliche-schuesse-in-hannover-haftbefehl-fuer-27-jaehrigen-panorama","status":"publish","type":"post","link":"https:\/\/www.europesays.com\/de\/525146\/","title":{"rendered":"Polizeieinsatz &#8211; T\u00f6dliche Sch\u00fcsse in Hannover: Haftbefehl f\u00fcr 27-J\u00e4hrigen &#8211; Panorama"},"content":{"rendered":"<p data-manual=\"paragraph\" data-schema-org-speakable=\"true\" class=\"css-1eosz7k\">Hannover (dpa\/lni) &#8211; Nach den t\u00f6dlichen Sch\u00fcssen in Hannover hat das Amtsgericht gegen einen der drei verletzten M\u00e4nner Haftbefehl erlassen. Es handele sich um den 27-J\u00e4hrigen aus Hamburg, teilte eine Sprecherin der Staatsanwaltschaft Hannover auf Anfrage mit. Er stehe im dringenden Verdacht, auf das gleichaltrige Opfer geschossen zu haben. Der Haftbefehl sei wegen des Verdachts des Totschlags beantragt worden.<\/p>\n<p data-manual=\"paragraph\" data-schema-org-speakable=\"true\" class=\"css-1eosz7k\">Die beiden anderen verletzten M\u00e4nner, ein 19-J\u00e4hriger aus Hannover und ein 27-J\u00e4hriger aus der Region Hannover, gelten derzeit demnach nicht als dringend tatverd\u00e4chtig, an der T\u00f6tung beteiligt gewesen zu sein. Gegen sie sei daher kein Haftbefehl erlassen worden, sagte die Sprecherin weiter.<\/p>\n<p>27-J\u00e4hriger erschossen<\/p>\n<p data-manual=\"paragraph\" data-schema-org-speakable=\"true\" class=\"css-1eosz7k\">Alle drei M\u00e4nner werden weiterhin im Krankenhaus behandelt. \u201eDie Ermittlungen zum Tathergang und zu den Hintergr\u00fcnden werden noch weitergef\u00fchrt\u201c, sagte die Sprecherin.<\/p>\n<p data-manual=\"paragraph\" data-schema-org-speakable=\"true\" class=\"css-1eosz7k\">Am Mittwochabend war ein 27-j\u00e4hriger Mann bei einer Auseinandersetzung auf der Vahrenwalder Stra\u00dfe in Hannover erschossen worden. Die Verletzungen der anderen drei M\u00e4nner sind laut Polizei nicht lebensgef\u00e4hrlich.<\/p>\n<p data-manual=\"paragraph\" data-schema-org-speakable=\"true\" class=\"css-1eosz7k\">\u00a9 dpa-infocom, dpa:251024-930-203698\/2<\/p>\n","protected":false},"excerpt":{"rendered":"Hannover (dpa\/lni) &#8211; Nach den t\u00f6dlichen Sch\u00fcssen in Hannover hat das Amtsgericht gegen einen der drei verletzten M\u00e4nner&hellip;\n","protected":false},"author":2,"featured_media":525147,"comment_status":"","ping_status":"","sticky":false,"template":"","format":"standard","meta":{"footnotes":""},"categories":[1836],"tags":[3364,29,30,46,1584,1411,1974,149,44130,9326,4743,129029],"class_list":{"0":"post-525146","1":"post","2":"type-post","3":"status-publish","4":"format-standard","5":"has-post-thumbnail","7":"category-hannover","8":"tag-de","9":"tag-deutschland","10":"tag-germany","11":"tag-hannover","12":"tag-kriminalitaet","13":"tag-niedersachsen","14":"tag-panorama","15":"tag-sueddeutsche-zeitung","16":"tag-ungefaehrer-einsatzort","17":"tag-updateme","18":"tag-waffen","19":"tag-zweiter-einsatzort"},"share_on_mastodon":{"url":"https:\/\/pubeurope.com\/@de\/115433436776186036","error":""},"_links":{"self":[{"href":"https:\/\/www.europesays.com\/de\/wp-json\/wp\/v2\/posts\/525146","targetHints":{"allow":["GET"]}}],"collection":[{"href":"https:\/\/www.europesays.com\/de\/wp-json\/wp\/v2\/posts"}],"about":[{"href":"https:\/\/www.europesays.com\/de\/wp-json\/wp\/v2\/types\/post"}],"author":[{"embeddable":true,"href":"https:\/\/www.europesays.com\/de\/wp-json\/wp\/v2\/users\/2"}],"replies":[{"embeddable":true,"href":"https:\/\/www.europesays.com\/de\/wp-json\/wp\/v2\/comments?post=525146"}],"version-history":[{"count":0,"href":"https:\/\/www.europesays.com\/de\/wp-json\/wp\/v2\/posts\/525146\/revisions"}],"wp:featuredmedia":[{"embeddable":true,"href":"https:\/\/www.europesays.com\/de\/wp-json\/wp\/v2\/media\/525147"}],"wp:attachment":[{"href":"https:\/\/www.europesays.com\/de\/wp-json\/wp\/v2\/media?parent=525146"}],"wp:term":[{"taxonomy":"category","embeddable":true,"href":"https:\/\/www.europesays.com\/de\/wp-json\/wp\/v2\/categories?post=525146"},{"taxonomy":"post_tag","embeddable":true,"href":"https:\/\/www.europesays.com\/de\/wp-json\/wp\/v2\/tags?post=525146"}],"curies":[{"name":"wp","href":"https:\/\/api.w.org\/{rel}","templated":true}]}}