{"id":525163,"date":"2025-10-25T06:49:15","date_gmt":"2025-10-25T06:49:15","guid":{"rendered":"https:\/\/www.europesays.com\/de\/525163\/"},"modified":"2025-10-25T06:49:15","modified_gmt":"2025-10-25T06:49:15","slug":"das-war-der-tag-der-seniorinnen-und-senioren-in-leipzig-video-%c2%b7-leipziger-zeitung","status":"publish","type":"post","link":"https:\/\/www.europesays.com\/de\/525163\/","title":{"rendered":"Das war der Tag der Seniorinnen und Senioren in Leipzig + Video \u00b7 Leipziger Zeitung"},"content":{"rendered":"<p>Es ist leichter alt zu werden, als in der heutigen Zeit alt zu sein. F\u00fcr viele Seniorinnen und Senioren gibt es im Alltag H\u00fcrden, die sie bei der Teilhabe am gesellschaftlichen Leben hemmen. Das beginnt mit kaputten Fu\u00dfwegen, nicht altersgerechten Wohnungen und nicht zuletzt tr\u00e4gt auch die Digitalisierung unseres Lebens dazu bei. Hier darf man aber nicht verkennen, dass die Angst vor der Digitalisierung oft mit schlechter Information \u00fcber diese zusammenh\u00e4ngt.<\/p>\n<p>Es war also gut, dass der 11. Tag der Seniorinnen und Senioren in Leipzig das Motto \u201e<a href=\"https:\/\/www.leipzig.de\/newsarchiv\/news\/11-tag-der-seniorinnen-und-senioren-am-22-oktober\" target=\"_blank\" rel=\"noopener\">Mein Smartphone lob ich mir<\/a>\u201c w\u00e4hlte, obwohl damit impliziert wurde, dass es ohne dieses nicht mehr ginge. Es gab aber auch andere, vielf\u00e4ltige Angebote, au\u00dferhalb der digitalen Welt und gro\u00dfes Interesse bei Besucherinnen und Besuchern.<img decoding=\"async\" src=\"https:\/\/www.europesays.com\/de\/wp-content\/uploads\/2025\/10\/734853e5d24049e7a015257b5c2d57ea.gif\" width=\"https:\/\/www.l-iz.de\/leben\/gesellschaft\/2025\/10\/1\" height=\"https:\/\/www.l-iz.de\/leben\/gesellschaft\/2025\/10\/1\" alt=\"\"\/><\/p>\n<p>Wir haben mit einigen Mitarbeiterinnen und Mitarbeitern der ausstellenden Institutionen und Vereine gesprochen, eine Zusammenfassung sehen Sie im Video.<\/p>\n<\/p>\n<p>Was ist nun mit der Digitalisierung?<\/p>\n<p>Zuerst muss gesagt werden, dass trotz der fortschreitenden Verwaltungsdigitalisierung, die herk\u00f6mmlichen analogen Angebote im B\u00fcrgerservice weiter bestehen werden.<\/p>\n<p>Im Gespr\u00e4ch best\u00e4tigte uns das auch die Mitarbeiterin des Referats Digitale Stadt mit den Worten: \u201eEs ist ganz wichtig zu sagen, das digitale Angebot unterst\u00fctzt immer das analoge. Bei den digitalen Dienstleistungen, die die Stadt ja St\u00fcck f\u00fcr St\u00fcck einf\u00fchrt, geht nat\u00fcrlich alles immer noch analog. Es wird nicht so sein, dass man auf irgendwas verzichten muss oder irgendein Angebot der Stadt nicht nutzen kann, nur weil man nicht \u00fcber die digitalen Mittel verf\u00fcgt.\u201c<\/p>\n<p>Das sollte einige Menschen beruhigen, so n\u00fctzlich ein Smartphone auch ist \u2013 es ist kein Muss.<\/p>\n<p>Ganz analog<\/p>\n<p>Bildung, Sport, Unterhaltung und Geselligkeit funktioniert auch weiter analog, obgleich die Termine leichter in diesem Internet zu finden sind. So haben wir die Seniorenakademie der Universit\u00e4t Leipzig mit ihren vielf\u00e4ltigen Angeboten, B\u00fccher gibt es nach wie vor in der Stadtbibliothek, Sportvereine haben ein vielf\u00e4ltiges Programm f\u00fcr Seniorinnen und Senioren und verschiedene Tr\u00e4ger bieten geselliges Zusammensein an.<\/p>\n<p>Beim Sport gibt es eine Neuigkeit, beim Stadtsportbund kann man sich jetzt \u00fcber Angebote und freie Pl\u00e4tze bei den Vereinen informieren. Katja Pausch sagte dazu: \u201eWir haben ja Kontakt zu den Vereinen, wir wissen so ungef\u00e4hr, was da los ist. Wir fragen auch ab, wo gibt es freie Pl\u00e4tze und wir stehen nat\u00fcrlich f\u00fcr die Beratung sehr gerne zur Verf\u00fcgung und vermitteln dann sehr gerne.\u201c<\/p>\n<p>Das ist schon eine Erleichterung bei der Suche nach einem Verein.<\/p>\n<p>Auch die evangelisch-lutherische Kirche bietet Bildung und Geselligkeit an, wie auch andere Vereine und Tr\u00e4ger.<\/p>\n<p>Beratung ist wichtig<\/p>\n<p>\u00dcber den Umgang mit Medien k\u00f6nnen sich Seniorinnen und Senioren, unter anderem vom Medienkompetenzprojekt der Stadt Leipzig oder der Verbraucherzentrale Sachsen, beraten lassen. F\u00fcr die Kriminalpr\u00e4vention waren Kollegen von der Polizei Leipzig vor Ort, zum Thema Umgang mit Depression berieten die Mitarbeitenden des Leipziger B\u00fcndnisses gegen Depression und \u00fcber die Selbsthilfekontakt- und Informationsstelle der Stadt Leipzig kann man passende Selbsthilfegruppen finden. Auch die Mobile Seniorenberatung stellte sich, wenn auch auf dem Rathaus-Vorplatz, vor.<\/p>\n<p><b>Fazit<\/b>: Trotz des Mottos \u201eMein Smartphone lob ich mir\u201c richtete sich der Tag der Seniorinnen und Senioren keineswegs ausschlie\u00dflich an Menschen, die digital interessiert sind. Es war wohl f\u00fcr fast alle etwas dabei. Und das ist auch gut so.<\/p>\n","protected":false},"excerpt":{"rendered":"Es ist leichter alt zu werden, als in der heutigen Zeit alt zu sein. F\u00fcr viele Seniorinnen und&hellip;\n","protected":false},"author":2,"featured_media":525164,"comment_status":"","ping_status":"","sticky":false,"template":"","format":"standard","meta":{"footnotes":""},"categories":[1832],"tags":[3364,29,1081,30,71,8026,859,129557,769,5329],"class_list":{"0":"post-525163","1":"post","2":"type-post","3":"status-publish","4":"format-standard","5":"has-post-thumbnail","7":"category-leipzig","8":"tag-de","9":"tag-deutschland","10":"tag-digitalisierung","11":"tag-germany","12":"tag-leipzig","13":"tag-neues-rathaus","14":"tag-sachsen","15":"tag-seniorentag","16":"tag-smartphone","17":"tag-video"},"share_on_mastodon":{"url":"https:\/\/pubeurope.com\/@de\/115433476970393445","error":""},"_links":{"self":[{"href":"https:\/\/www.europesays.com\/de\/wp-json\/wp\/v2\/posts\/525163","targetHints":{"allow":["GET"]}}],"collection":[{"href":"https:\/\/www.europesays.com\/de\/wp-json\/wp\/v2\/posts"}],"about":[{"href":"https:\/\/www.europesays.com\/de\/wp-json\/wp\/v2\/types\/post"}],"author":[{"embeddable":true,"href":"https:\/\/www.europesays.com\/de\/wp-json\/wp\/v2\/users\/2"}],"replies":[{"embeddable":true,"href":"https:\/\/www.europesays.com\/de\/wp-json\/wp\/v2\/comments?post=525163"}],"version-history":[{"count":0,"href":"https:\/\/www.europesays.com\/de\/wp-json\/wp\/v2\/posts\/525163\/revisions"}],"wp:featuredmedia":[{"embeddable":true,"href":"https:\/\/www.europesays.com\/de\/wp-json\/wp\/v2\/media\/525164"}],"wp:attachment":[{"href":"https:\/\/www.europesays.com\/de\/wp-json\/wp\/v2\/media?parent=525163"}],"wp:term":[{"taxonomy":"category","embeddable":true,"href":"https:\/\/www.europesays.com\/de\/wp-json\/wp\/v2\/categories?post=525163"},{"taxonomy":"post_tag","embeddable":true,"href":"https:\/\/www.europesays.com\/de\/wp-json\/wp\/v2\/tags?post=525163"}],"curies":[{"name":"wp","href":"https:\/\/api.w.org\/{rel}","templated":true}]}}