{"id":525242,"date":"2025-10-25T07:34:11","date_gmt":"2025-10-25T07:34:11","guid":{"rendered":"https:\/\/www.europesays.com\/de\/525242\/"},"modified":"2025-10-25T07:34:11","modified_gmt":"2025-10-25T07:34:11","slug":"a8-bei-pforzheim-gesperrt-zwei-unfaelle-sorgen-fuer-stau-richtung-karlsruhe","status":"publish","type":"post","link":"https:\/\/www.europesays.com\/de\/525242\/","title":{"rendered":"A8 bei Pforzheim gesperrt: Zwei Unf\u00e4lle sorgen f\u00fcr Stau Richtung Karlsruhe"},"content":{"rendered":"<p>Nach zwei Unf\u00e4llen auf der <a href=\"https:\/\/www.stuttgarter-zeitung.de\/thema\/A8\" title=\"A8\" class=\"art_thema\" target=\"_blank\" rel=\"noopener\">A8<\/a> zwischen den Anschlussstellen <a href=\"https:\/\/www.stuttgarter-zeitung.de\/thema\/Pforzheim\" title=\"Pforzheim\" class=\"art_thema\" target=\"_blank\" rel=\"noopener\">Pforzheim<\/a>-West und Karlsbad bleibt die Autobahn in Richtung <a href=\"https:\/\/www.stuttgarter-zeitung.de\/thema\/Karlsruhe\" title=\"Karlsruhe\" class=\"art_thema\" target=\"_blank\" rel=\"noopener\">Karlsruhe<\/a> vollst\u00e4ndig gesperrt. <\/p>\n<p>Ein Polizeisprecher erkl\u00e4rte, dass der <a href=\"https:\/\/www.stuttgarter-zeitung.de\/thema\/Verkehr\" title=\"Verkehr\" class=\"art_thema\" target=\"_blank\" rel=\"noopener\">Verkehr<\/a> nicht umgeleitet werde und sich ein <a href=\"https:\/\/www.stuttgarter-zeitung.de\/thema\/Stau\" title=\"Stau\" class=\"art_thema\" target=\"_blank\" rel=\"noopener\">Stau<\/a> von etwa zwei Kilometern gebildet habe. Die Sperrung soll h\u00f6chstens eine Stunde andauern. Bei den Unf\u00e4llen gab es keine Verletzten. <\/p>\n","protected":false},"excerpt":{"rendered":"Nach zwei Unf\u00e4llen auf der A8 zwischen den Anschlussstellen Pforzheim-West und Karlsbad bleibt die Autobahn in Richtung Karlsruhe&hellip;\n","protected":false},"author":2,"featured_media":525243,"comment_status":"","ping_status":"","sticky":false,"template":"","format":"standard","meta":{"footnotes":""},"categories":[1844],"tags":[18192,1634,3364,29,30,8903,10469,121,5716,601],"class_list":{"0":"post-525242","1":"post","2":"type-post","3":"status-publish","4":"format-standard","5":"has-post-thumbnail","7":"category-karlsruhe","8":"tag-a8","9":"tag-baden-wuerttemberg","10":"tag-de","11":"tag-deutschland","12":"tag-germany","13":"tag-karlsruhe","14":"tag-pforzheim","15":"tag-polizei","16":"tag-stau","17":"tag-verkehr"},"share_on_mastodon":{"url":"https:\/\/pubeurope.com\/@de\/115433653179943539","error":""},"_links":{"self":[{"href":"https:\/\/www.europesays.com\/de\/wp-json\/wp\/v2\/posts\/525242","targetHints":{"allow":["GET"]}}],"collection":[{"href":"https:\/\/www.europesays.com\/de\/wp-json\/wp\/v2\/posts"}],"about":[{"href":"https:\/\/www.europesays.com\/de\/wp-json\/wp\/v2\/types\/post"}],"author":[{"embeddable":true,"href":"https:\/\/www.europesays.com\/de\/wp-json\/wp\/v2\/users\/2"}],"replies":[{"embeddable":true,"href":"https:\/\/www.europesays.com\/de\/wp-json\/wp\/v2\/comments?post=525242"}],"version-history":[{"count":0,"href":"https:\/\/www.europesays.com\/de\/wp-json\/wp\/v2\/posts\/525242\/revisions"}],"wp:featuredmedia":[{"embeddable":true,"href":"https:\/\/www.europesays.com\/de\/wp-json\/wp\/v2\/media\/525243"}],"wp:attachment":[{"href":"https:\/\/www.europesays.com\/de\/wp-json\/wp\/v2\/media?parent=525242"}],"wp:term":[{"taxonomy":"category","embeddable":true,"href":"https:\/\/www.europesays.com\/de\/wp-json\/wp\/v2\/categories?post=525242"},{"taxonomy":"post_tag","embeddable":true,"href":"https:\/\/www.europesays.com\/de\/wp-json\/wp\/v2\/tags?post=525242"}],"curies":[{"name":"wp","href":"https:\/\/api.w.org\/{rel}","templated":true}]}}