{"id":525483,"date":"2025-10-25T09:48:12","date_gmt":"2025-10-25T09:48:12","guid":{"rendered":"https:\/\/www.europesays.com\/de\/525483\/"},"modified":"2025-10-25T09:48:12","modified_gmt":"2025-10-25T09:48:12","slug":"schon-1129-polizeieinsaetze-an-berlins-schulen-in-2025-regional","status":"publish","type":"post","link":"https:\/\/www.europesays.com\/de\/525483\/","title":{"rendered":"Schon 1129 Polizeieins\u00e4tze an Berlins Schulen in 2025 | Regional"},"content":{"rendered":"<p>Berlin \u2013 <b>Blaulicht-Alarm auf Berliner Schulh\u00f6fen. Schon 1129 Mal mussten Polizeibeamte bis Oktober zu Eins\u00e4tzen in Hauptstadt-Schulen ausr\u00fccken. Der Grund: k\u00f6rperliche Gewalt!<\/b> <\/p>\n<p>Der F\u00fcnf-Jahres-Vergleich zeigt einen deutlichen Anstieg: 2020 waren es insgesamt noch 1043 Eins\u00e4tze.<\/p>\n<p><b>Mit allein 34 Schl\u00e4gereien gab es bis Anfang Oktober schon so viele Kloppereien auf Schulh\u00f6fen, Fluren und in Klassenzimmern wie im gesamten vergangenen Jahr.<\/b><\/p>\n<p>Mehr zum Thema<\/p>\n<p>Schlagzeilen machte im Mai die Messerattacke an der Grundschule am Weinmeisterhorn in <a href=\"https:\/\/www.bild.de\/regional\/berlin\/berlin-regional\/home-15823246.bild.html\" class=\"text-link\" rel=\"nofollow noopener\" target=\"_blank\">Berlin<\/a>-Spandau: Ein 13-J\u00e4hriger soll damals einen Mitsch\u00fcler attackiert haben \u2013 das Opfer kam schwer verletzt ins Krankenhaus, der vermeintliche T\u00e4ter in die Psychiatrie.<\/p>\n<p>37 Verletzte nach Reizgas-Attacke an Schule<\/p>\n<p>Etliche leichter Verletzte auf einen Schlag verursachten Reizgas-Attacken \u2013 etwa im Januar an der Friedrich-Bergius-Schule in Friedenau oder der Vorfall im Juni an der Miriam-Makeba-Schule in Moabit mit 37 Verletzten. Es kam zu einem Massenanfall von Sch\u00fclern, die \u00fcber Atemnot und Augenreizungen klagten.<\/p>\n<p><img decoding=\"async\" width=\"992\" height=\"558\" alt=\"\u00d6Polizei vor der Friedrich-Bergius-Schule in Berlin-Friedenau\" src=\"https:\/\/www.europesays.com\/de\/wp-content\/uploads\/2025\/10\/dcebeed116dc4868bff3ec0a82aafc74,9f1f7889\"   class=\"landscape\" loading=\"lazy\"\/><\/p>\n<p class=\"fig__caption__text\">Polizei vor der Friedrich-Bergius-Schule in Berlin-Friedenau<\/p>\n<p>Foto: Fabian Sommer\/dpa<\/p>\n<p>Innenstaatssekret\u00e4r Christian Hochgrebe (52, SPD) best\u00e4tigt auf eine parlamentarische AfD-Anfrage: Innerhalb von zehn Jahren wurden 179 Sch\u00fcler beziehungsweise Lehrer sogar schwer verletzt. 14 schwer verletzte Sch\u00fcler wurden nach Polizeiangaben allein bis Anfang Oktober im laufenden Jahr registriert. Jeder zweite davon war ein Grundsch\u00fcler, d.h. h\u00f6chstens ein Sechstkl\u00e4ssler!<\/p>\n<p>Allein 253 Eins\u00e4tze wegen K\u00f6rperverletzung<\/p>\n<p>Die Skala der \u00fcblichen Polizeieins\u00e4tze in Berliner Schulen reicht von Amoklage (2025: 0) bis Vergewaltigung (2025: 1). Die h\u00e4ufigsten Alarm-Gr\u00fcnde 2025 (Stand 2. Oktober):<\/p>\n<p>\u25ba Verdacht einer Straftat: 409<\/p>\n<p>Auch interessant<\/p>\n<p>Anzeige<\/p>\n<p>Auch interessant<\/p>\n<p>Anzeige<\/p>\n<p>\u25ba K\u00f6rperverletzung: 253<\/p>\n<p>\u25ba Hausfriedensbruch: 219<\/p>\n<p>\u25ba Bedrohung: 123<\/p>\n<p>\u25ba randalierende Person: 62<\/p>\n<p>\u25ba verletzte Person: 17<\/p>\n<p>\u25ba h\u00e4usliche Gewalt: 10<\/p>\n<p>\u25ba Stalking: 1<\/p>\n<p>\u00dcber die Herkunft der Tatverd\u00e4chtigen geben die <a href=\"https:\/\/www.bild.de\/regional\/aktuelles\/polizei\/polizeieinsatz-alle-infos-76681760.bild.html\" class=\"text-link\" rel=\"nofollow noopener\" target=\"_blank\">Polizei<\/a>-Statistiken nur so viel preis: Bei Vorg\u00e4ngen mit mindestens einer tatverd\u00e4chtigen nicht deutschen Person kommen syrische Sch\u00fcler mit 9 Vorg\u00e4ngen in den vergangenen zehn Jahren vor, gefolgt von Afghanen und Russen (je 5) sowie Irakern und Rum\u00e4nen (je 4).<\/p>\n","protected":false},"excerpt":{"rendered":"Berlin \u2013 Blaulicht-Alarm auf Berliner Schulh\u00f6fen. Schon 1129 Mal mussten Polizeibeamte bis Oktober zu Eins\u00e4tzen in Hauptstadt-Schulen ausr\u00fccken.&hellip;\n","protected":false},"author":2,"featured_media":525484,"comment_status":"","ping_status":"","sticky":false,"template":"","format":"standard","meta":{"footnotes":""},"categories":[1825],"tags":[296,29,30,1000,1981,121,966,45],"class_list":{"0":"post-525483","1":"post","2":"type-post","3":"status-publish","4":"format-standard","5":"has-post-thumbnail","7":"category-berlin","8":"tag-berlin","9":"tag-deutschland","10":"tag-germany","11":"tag-gewalt","12":"tag-messer","13":"tag-polizei","14":"tag-schule","15":"tag-texttospeech"},"share_on_mastodon":{"url":"https:\/\/pubeurope.com\/@de\/115434181043626241","error":""},"_links":{"self":[{"href":"https:\/\/www.europesays.com\/de\/wp-json\/wp\/v2\/posts\/525483","targetHints":{"allow":["GET"]}}],"collection":[{"href":"https:\/\/www.europesays.com\/de\/wp-json\/wp\/v2\/posts"}],"about":[{"href":"https:\/\/www.europesays.com\/de\/wp-json\/wp\/v2\/types\/post"}],"author":[{"embeddable":true,"href":"https:\/\/www.europesays.com\/de\/wp-json\/wp\/v2\/users\/2"}],"replies":[{"embeddable":true,"href":"https:\/\/www.europesays.com\/de\/wp-json\/wp\/v2\/comments?post=525483"}],"version-history":[{"count":0,"href":"https:\/\/www.europesays.com\/de\/wp-json\/wp\/v2\/posts\/525483\/revisions"}],"wp:featuredmedia":[{"embeddable":true,"href":"https:\/\/www.europesays.com\/de\/wp-json\/wp\/v2\/media\/525484"}],"wp:attachment":[{"href":"https:\/\/www.europesays.com\/de\/wp-json\/wp\/v2\/media?parent=525483"}],"wp:term":[{"taxonomy":"category","embeddable":true,"href":"https:\/\/www.europesays.com\/de\/wp-json\/wp\/v2\/categories?post=525483"},{"taxonomy":"post_tag","embeddable":true,"href":"https:\/\/www.europesays.com\/de\/wp-json\/wp\/v2\/tags?post=525483"}],"curies":[{"name":"wp","href":"https:\/\/api.w.org\/{rel}","templated":true}]}}