{"id":525493,"date":"2025-10-25T09:53:18","date_gmt":"2025-10-25T09:53:18","guid":{"rendered":"https:\/\/www.europesays.com\/de\/525493\/"},"modified":"2025-10-25T09:53:18","modified_gmt":"2025-10-25T09:53:18","slug":"boomender-markt-nazi-kunst-der-muenchener-propagandaschauen","status":"publish","type":"post","link":"https:\/\/www.europesays.com\/de\/525493\/","title":{"rendered":"Boomender Markt? Nazi-Kunst der M\u00fcnchener Propagandaschauen"},"content":{"rendered":"<p>        <img decoding=\"async\" src=\"https:\/\/www.europesays.com\/de\/wp-content\/uploads\/2025\/10\/kunstverbrechen-182.webp\" alt=\"Ein klotziger Bau mit S\u00e4ulen, davor Soldaten in dunkler Uniform, im Vodergrund junge M\u00e4nner \" title=\"Aufnahme vom 18.07.1937, Er\u00f6ffnung der ersten Gro\u00dfen Deutschen Kunstausstellung durch die Nationalsozialisten im &quot;Haus der Kunst&quot; in M\u00fcnchen | picture-alliance \/ akg-images\" class=\"responsive\"\/><\/p>\n<p>AUDIO: Kunstverbrechen: Nazi-Kunst und die Gro\u00dfen Deutschen Kunstausstellungen (4 Min)<\/p>\n<p>\n            Stand: 25.10.2025 06:00 Uhr<\/p>\n<p class=\"preface\">Eine Bronzestatue wird aus einem Garten in einem oberbayrischen Dorf gestohlen. Im neuen Fall des True-Crime-Doku-Podcasts Kunstverbrechen f\u00fchrt die Spur zur Gro\u00dfen Deutschen Kunstausstellung von 1939 und einem verborgenen Sammlermarkt. <\/p>\n<p class=\"textauthor\">von <a href=\"https:\/\/www.ndr.de\/kultur\/juliane-bergmann,bergmann356.html\" rel=\"nofollow noopener\" target=\"_blank\">Juliane Bergmann<\/a><\/p>\n<p class=\"\">Ein Dorf in Oberbayern. Viele Jahre stehen hier drei Skulpturen des 1966 verstorbenen Bildhauers Mathias Schumacher in einem Garten der Nachfahren. Seine Enkelin Stephanie hat Schumacher nicht kennengelernt. Mit seiner Kunst hatte sie sich nie wirklich befasst. Bis eine der Bronze-Figuren, die <a href=\"https:\/\/www.ndr.de\/kultur\/podcast-kunstverbrechen-grosspapi-goebbels-und-die-nazi-kunst,kunstverbrechen-128.html\" title=\"Podcast Kunstverbrechen: Gro\u00dfpapi, Goebbels und die Nazi-Kunst\" rel=\"nofollow noopener\" target=\"_blank\">&#8222;Bogensch\u00fctzin&#8220;, 2024 unbemerkt verschwindet<\/a>. Wurde sie wegen ihres Materialwerts gestohlen, oder war es ein Auftragsdiebstahl? Denn es gibt eine Datierung im Sockel der Statue: 1937. Handelt es sich um Nazi-Kunst?<\/p>\n<p>                    <a href=\"https:\/\/www.europesays.com\/de\/wp-content\/uploads\/2025\/10\/kunstverbrechen-140.webp\" class=\"zoomimage\" title=\"Bild vergr\u00f6\u00dfern\"><\/p>\n<p>        <img decoding=\"async\" src=\"https:\/\/www.europesays.com\/de\/wp-content\/uploads\/2025\/10\/kunstverbrechen-140.webp\" alt=\"Die Bronzestatue einer nackten Frau, die einen Bogen nach oben h\u00e4lt, steht zwischen B\u00e4umen\" title=\"Sammler von Nazi-Kunst zeigen gro\u00dfes Interesse an der als &quot;Bogensch\u00fctzin&quot; bekannten Skulptur.  | Stephanie\" class=\"responsive\" loading=\"lazy\"\/><\/p>\n<p>                    <\/a><\/p>\n<p>                    Sammler von Nazi-Kunst zeigen gro\u00dfes Interesse an der als &#8222;Bogensch\u00fctzin&#8220; bekannten Skulptur. <\/p>\n<p class=\"\">&#8222;Es fiel irgendein Wort. Ich bin mir nicht sicher, ob sie das Wort Nazi gesagt haben. Aber, dass es Kunst ist, die in rechten Kreisen gef\u00e4llt&#8220;, erinnert sich Stephanie an Gespr\u00e4che w\u00e4hrend ihrer ersten Recherche zu der Figur. &#8222;Das war das erste Mal, das ich mir gesagt hab: Ach ja, stimmt! <a href=\"https:\/\/www.ndr.de\/kultur\/film\/tipps\/Riefenstahl-Doku-Regie-Legende-entlarvt-sich-als-Faschistin,riefenstahl100.html\" title=\"Riefenstahl-Doku: Regie-Legende entlarvt sich als Faschistin\" rel=\"nofollow noopener\" target=\"_blank\">Leni Riefenstahl<\/a> l\u00e4sst gr\u00fc\u00dfen, diese sch\u00f6nen K\u00f6rper, arisch &#8211; ja logisch &#8211; das bedient total dieses Spektrum!&#8220;<\/p>\n<p>    Sammlerszene mit Faszination f\u00fcr Nazi-Kunst<\/p>\n<p class=\"\">Die mehr als zwei Meter gro\u00dfe Statue &#8211; eine schlanke, aber muskul\u00f6se nackte Frau &#8211; h\u00e4lt einen Bogen in der einen ausgestreckten Hand und scheint dem in den Himmel geschossenen Pfeil nachzublicken. Gegossen wurde sie 1937. Wer k\u00f6nnte heutzutage an der Bronze Interesse haben? Die Enkelin recherchiert online in der Sammlerszene und entdeckt: Es scheint eine Faszination f\u00fcr die Kunst ihres Gro\u00dfvaters zu geben.<\/p>\n<p>                    <a href=\"https:\/\/www.europesays.com\/de\/wp-content\/uploads\/2025\/10\/kunstverbrechen-142.webp\" class=\"zoomimage\" title=\"Bild vergr\u00f6\u00dfern\"><\/p>\n<p>        <img decoding=\"async\" src=\"https:\/\/www.europesays.com\/de\/wp-content\/uploads\/2025\/10\/kunstverbrechen-142.webp\" alt=\"Eine Postkarte zeigt die Statue einer nackten Frau, die einen Bogen h\u00e4lt\" title=\"Die Statue von Mathias Schumacher zierte 1939 die Einladungskarte f\u00fcr die Gro\u00dfe Deutsche Kunstausstellung in M\u00fcnchen. | Stephanie\" class=\"responsive\" loading=\"lazy\"\/><\/p>\n<p>                    <\/a><\/p>\n<p>                    Die Statue von Mathias Schumacher zierte 1939 die Einladungskarte f\u00fcr die Gro\u00dfe Deutsche Kunstausstellung in M\u00fcnchen.<\/p>\n<p class=\"\">&#8222;Sobald ich das Foto der &#8218;Bogensch\u00fctzin&#8216; auf Ebay sah, wusste ich, dass es ein wichtiges Werk ist. Ich habe einige historische Fotos. Es gibt auch eine Postkarte, die dieses Kunstwerk zeigt&#8220;, sagt ein US-amerikanischer Sammler, der sich Johnny nennt. Die Postkarte, von der er redet, ist die Einladungskarte f\u00fcr die Gro\u00dfe Deutsche Kunstausstellung 1939 in M\u00fcnchen &#8211; die wichtigste Kunstschau der <a href=\"https:\/\/www.ndr.de\/geschichte\/chronologie\/NS-Zeit-Krieg-und-Terror,nszeit108.html\" title=\"NS-Zeit: Krieg und Terror\" rel=\"nofollow noopener\" target=\"_blank\">Nationalsozialisten<\/a>. Und Mathias Schumacher lieferte gewisserma\u00dfen das Coverfoto.<\/p>\n<p>    Ausstellung soll nationalsozialistisches Kunstverst\u00e4ndnis definieren<\/p>\n<p class=\"\">18. Juli 1937: Adolf Hitler er\u00f6ffnet die erste &#8222;Gro\u00dfe Deutsche Kunstausstellung&#8220; (GdK) in M\u00fcnchen. Mit ihr soll das nationalsozialistische Verst\u00e4ndnis von &#8222;Deutscher Kunst&#8220; definiert werden, das in Zukunft als einziges gelten soll.<\/p>\n<blockquote><p>\n        Das Kulturprogramm des Neuen Reiches ist von einer einmaligen Gro\u00dfartigkeit in der Geschichte unseres Volkes\u2026<\/p>\n<p>                Auszug aus Adolf Hitlers Rede zur Er\u00f6ffnung der Kunstausstellung 1937 in M\u00fcnchen<\/p>\n<\/blockquote>\n<p>        <img decoding=\"async\" src=\"https:\/\/www.europesays.com\/de\/wp-content\/uploads\/2025\/10\/screenshot1022614.webp\" alt=\"Fassade des Haus der Kunst in M\u00fcnchen (1962)\" title=\"Fassade des Haus der Kunst in M\u00fcnchen (1962) | Screenshot\" class=\"responsive\" loading=\"lazy\"\/><\/p>\n<p>Das Haus wurde 1937 durch Adolf Hitler er\u00f6ffnet und war B\u00fchne f\u00fcr die offizielle Kunst der NS-Diktatur.<\/p>\n<p class=\"\">Hitler setzt schon bald seinen Fotografen Heinrich Hoffmann als alleinigen Juror ein, der die Ausstellung politisch-ideologisch gestaltet. Die GdK ist pomp\u00f6s inszenierte Propaganda f\u00fcr die Volksgemeinschaft und lukrative Verkaufsschau f\u00fcr die K\u00fcnstler. Nicht alle ausgestellten Werke scheinen politisch zu sein. Manchen geht es vielleicht &#8222;nur&#8220; ums Geld. Bei Schumachers Figuren gibt der Kunsthistoriker und GdK-Experte Christian Fuhrmeister aber eine eindeutige Einsch\u00e4tzung:<\/p>\n<p class=\"\">&#8222;Das ist das wirklich triefende Rassepolitik. Dieser idealtypische Frauenk\u00f6rper, das ist viel zu ernst, um nur pornographisch zu sein, das ist Weltbild, das ist Utopie, Verhei\u00dfung, Erf\u00fcllung einer zuk\u00fcnftigen nationalsozialistischen Volksgemeinschaft&#8220;, so Fuhrmeister.<\/p>\n<p>                Die Gro\u00dfen Deutschen Kunstausstellungen<\/p>\n<p>Die sogenannte Gro\u00dfe Deutsche Kunstausstellung (GdK) fand von 1937 bis 1944 j\u00e4hrlich statt. Veranstaltungsort war das eigens hierf\u00fcr gebaute &#8222;Haus der Deutschen Kunst&#8220; in M\u00fcnchen. Die Veranstaltung war als Verkaufsausstellung organisiert. <\/p>\n<p>\u00dcber einen Wettbewerb, in dessen Entscheidungen auch Adolf Hitler und Joseph Goebbels involviert waren, wurden f\u00fcr die Schau von 1937 schlie\u00dflich rund 600 Werke ausgew\u00e4hlt. Gro\u00dfen Einfluss auf die Gestaltung der Ausstellung hatte Hitlers Fotograf Heinrich Hoffmann. Die auserw\u00e4hlten K\u00fcnstlerinnen und K\u00fcnstler konnten jeweils mehrere Kunstwerke ausstellen und auf lukrative Gesch\u00e4fte hoffen. <\/p>\n<p>Die GdK wurde als eines der wichtigsten Kulturereignisse im NS-Staat propagiert. In seiner Er\u00f6ffnungsrede 1937 skizzierte Adolf Hitler, welchen Leitlinien sogenannte &#8222;Deutsche Kunst&#8220; folgen sollte. Im Gegensatz dazu stand die parallel ebenfalls in M\u00fcnchen stattfindende Ausstellung &#8222;Entartete Kunst&#8220;, die beschlagnahmte Werke moderner Kunst verschiedener avantgardistischer Str\u00f6mungen zeigte. <\/p>\n<p>    Goebbels kauft auf Kunstausstellung zweite Bogensch\u00fctzin<\/p>\n<p class=\"\">Christian Fuhrmeister hat zur GdK geforscht: Wer hat ausgestellt, wie sahen die Bewerbungen aus, wer hat gekauft? F\u00fcr die &#8222;Bogensch\u00fctzin&#8220; zahlt Propagandaminister Joseph Goebbels zum Beispiel 14.000 Reichsmark und platziert sie prestigetr\u00e4chtig auf seinem Anwesen am Bogensee. Inzwischen ist auch sie verschwunden. 2011 geht die Datenbank GDK Research online. Nicht nur f\u00fcr historisch Interessierte, sondern auch f\u00fcr manche NS-Kunst-Sammler reizvoll.<\/p>\n<p>    Verborgener Hype um Nazi-Kunst<\/p>\n<p class=\"\">Ein Sammler aus den Benelux-Staaten behauptet von sich, die gr\u00f6\u00dfte private deutsche Kunstsammlung aus der Zeit von 1933 bis 1945 zu besitzen. Er m\u00f6chte anonym bleiben. Die Werke, die auf den GdKs zu sehen waren, sind f\u00fcr ihn begehrte Rarit\u00e4ten:<\/p>\n<p>                    <a href=\"https:\/\/www.europesays.com\/de\/wp-content\/uploads\/2025\/10\/kunstverbrechen-180.webp\" class=\"zoomimage\" title=\"Bild vergr\u00f6\u00dfern\"><\/p>\n<p>        <img decoding=\"async\" src=\"https:\/\/www.europesays.com\/de\/wp-content\/uploads\/2025\/10\/kunstverbrechen-180.webp\" alt=\"Ein gro\u00dfer Saal mit hohen Decken, Bilder an den W\u00e4nden und B\u00e4nken in der Mitte\" title=\"Im &quot;Haus der Kunst&quot; in M\u00fcnchen pr\u00e4sentierten die Nazis in ihrer Gro\u00dfen Deutschen Kunstausstellung Werke, die ihrem Kunstverst\u00e4ndnis entsprachen. | picture-alliance \/ akg-images\" class=\"responsive\" loading=\"lazy\"\/><\/p>\n<p>                    <\/a><\/p>\n<p>                    Im &#8222;Haus der Kunst&#8220; in M\u00fcnchen pr\u00e4sentierten die Nazis in ihrer Gro\u00dfen Deutschen Kunstausstellung Werke, die ihrem Kunstverst\u00e4ndnis entsprachen.<\/p>\n<p class=\"\">&#8222;Man will GdK-Arbeiten. Auf dem Markt in Europa wird heutzutage nur eine prominente GdK-Arbeit pro Jahr angeboten. Man hat Gl\u00fcck, wenn man von K\u00fcnstlern ein prominentes St\u00fcck wiederfindet, das auf den Gro\u00dfen Deutschen Kunstausstellungen ausgestellt war&#8220;, so der Sammler.<\/p>\n<p>    Dokumentation der Werke \u00f6ffnet Pandoras B\u00fcchse<\/p>\n<p class=\"\">W\u00e4hrend abseits der gro\u00dfen \u00d6ffentlichkeit der Markt um GdK-Werke scheinbar boomt, zeigen Museen und Ausstellungsh\u00e4user diese Kunst immer noch selten. Dem Kunsthistoriker Christian Fuhrmeister geht es ums Sichtbarmachen. Klar ist ihm auch, dass Sammler von NS-Kunst auf seine Recherchen anspringen:<\/p>\n<p class=\"\">&#8222;Ein Buch kann sich seine Leser nicht aussuchen. Wir haben mit diesem Digitalisieren und zur Verf\u00fcgungstellen der Ausstellungsdokumentation selber die B\u00fcchse der Pandora ge\u00f6ffnet. Wenn man nicht aush\u00e4lt, dass das mal deutsche Geschichte und deutsche Kunst war, dann ist sowieso alles zu sp\u00e4t!&#8220;<\/p>\n<p class=\"\">Mehr zu diesem Fall h\u00f6ren Sie in der aktuellen Staffel des True Crime Doku-Podcasts von NDR Kultur: <a href=\"https:\/\/1.ard.de\/kunstverbrechen-staffel-4?cpe\" title=\"Podcast Kunstverbrechen: Staffel 4 in der ARD Audiothek\" rel=\"nofollow noopener\" target=\"_blank\">Kunstverbrechen &#8211; Gro\u00dfpapi, Goebbels und die Nazi-Kunst<\/a> &#8211; alle Folgen in der ARD Audiothek. Folge 1 wird am Sonnabend um 17 Uhr auf NDR Kultur gesendet.<\/p>\n<p>        <img decoding=\"async\" src=\"https:\/\/www.europesays.com\/de\/wp-content\/uploads\/2025\/10\/kunstverbrechen-140.webp\" alt=\"Die Bronzestatue einer nackten Frau, die einen Bogen nach oben h\u00e4lt, steht zwischen B\u00e4umen\" title=\"Die Bronzestatue einer nackten Frau, die einen Bogen nach oben h\u00e4lt, steht zwischen B\u00e4umen | Stephanie\" class=\"responsive\" loading=\"lazy\"\/><\/p>\n<p>Eine mannshohe Bronzestatue verschwindet aus einem Garten. Ist es Nazi-Kunst? Die Kunstverbrechen-Hosts decken Erstaunliches auf.<\/p>\n<p>        <img decoding=\"async\" src=\"https:\/\/www.europesays.com\/de\/wp-content\/uploads\/2025\/10\/kunstverbrechen-108.webp\" alt=\"Eine Frau und ein Mann stehen vor einer blauen Wand, auf der rote F\u00e4den gespannt sind\" title=\"Eine Frau und ein Mann stehen vor einer blauen Wand, auf der rote F\u00e4den gespannt sind | Sinje Hasheider\" class=\"responsive\" loading=\"lazy\"\/><\/p>\n<p>Gestohlene van Goghs oder dubiose Kunstsammler: Lenore L\u00f6tsch und Torben Steenbuck bringen ihren True-Crime-Podcast live auf die B\u00fchne.<\/p>\n<p>        <img decoding=\"async\" src=\"https:\/\/www.europesays.com\/de\/wp-content\/uploads\/2025\/10\/kunstverbrechen-126.webp\" alt=\"er Direktor des Van Gogh Museums, Axel R\u00fcger, und die niederl\u00e4ndische Kulturministerin Jet Bussemaker betrachten am 21.03.2017 in Amsterdam (Niederlande) die einst gestohlenen und nun wieder aufgetauchten Gem\u00e4lde \u00abZeegezicht bij Scheveningen\u00bb (Meeressicht bei Scheveningen, 1882) und \u00abHet uitgaan van de Hervormde Kerk te Nuenen\u00bb (Die Kirche von Nuenen mit Kirchg\u00e4ngern, 1884\/1885) \" title=\"er Direktor des Van Gogh Museums, Axel R\u00fcger, und die niederl\u00e4ndische Kulturministerin Jet Bussemaker betrachten am 21.03.2017 in Amsterdam (Niederlande) die einst gestohlenen und nun wieder aufgetauchten Gem\u00e4lde \u00abZeegezicht bij Scheveningen\u00bb (Meeressicht bei Scheveningen, 1882) und \u00abHet uitgaan van de Hervormde Kerk te Nuenen\u00bb (Die Kirche von Nuenen mit Kirchg\u00e4ngern, 1884\/1885)  | picture alliance \/ Peter Dejong\/AP\/dpa | Peter Dejong\" class=\"responsive\" loading=\"lazy\"\/><\/p>\n<p>Die vierte Staffel des True-Crime-Podcasts startet spektakul\u00e4r: Der Fall um gestohlene Van-Gogh-Gem\u00e4lde bringt Host Torben Steenbuck in eine heikle Situation.<\/p>\n<p>        <img decoding=\"async\" src=\"https:\/\/www.europesays.com\/de\/wp-content\/uploads\/2025\/10\/kunstverbrechen-154.webp\" alt=\"Drei Tageb\u00fccher liegen nebeneinander, davor ein Schild der Polizei Berlin\" title=\"Drei Tageb\u00fccher liegen nebeneinander, davor ein Schild der Polizei Berlin | picture alliance\/dpa | Maurizio Gambarini\" class=\"responsive\" loading=\"lazy\"\/><\/p>\n<p>Gestohlene Tageb\u00fccher, Brillen und Dokumente des Ex-Beatles tauchen in Berlin auf. Sind sie echt? Was sagt Yoko Ono?<\/p>\n<p>        <img decoding=\"async\" src=\"https:\/\/www.europesays.com\/de\/wp-content\/uploads\/2025\/10\/kunstverbrechen-164.webp\" alt=\"Ein \u00e4lterer Mann in rotem Hemd sitzt mit einem Pinsel in der Hand vor einer Staffelei\" title=\"Ein \u00e4lterer Mann in rotem Hemd sitzt mit einem Pinsel in der Hand vor einer Staffelei | picture alliance \/ dpa \/ Wolfgang Runge\" class=\"responsive\" loading=\"lazy\"\/><\/p>\n<p>Der Tr\u00f6delh\u00e4ndler Edgar Mrugalla kopierte jahrelang unbemerkt die gro\u00dfen Meister. Gibt es noch bislang unentdeckte F\u00e4lschungen?<\/p>\n","protected":false},"excerpt":{"rendered":"AUDIO: Kunstverbrechen: Nazi-Kunst und die Gro\u00dfen Deutschen Kunstausstellungen (4 Min) Stand: 25.10.2025 06:00 Uhr Eine Bronzestatue wird aus&hellip;\n","protected":false},"author":2,"featured_media":525494,"comment_status":"","ping_status":"","sticky":false,"template":"","format":"standard","meta":{"footnotes":""},"categories":[1775],"tags":[1793,29,214,30,129584,99,9559,2075,1794,104846,1268,129583,2043,215],"class_list":{"0":"post-525493","1":"post","2":"type-post","3":"status-publish","4":"format-standard","5":"has-post-thumbnail","7":"category-kunst-und-design","8":"tag-art-and-design","9":"tag-deutschland","10":"tag-entertainment","11":"tag-germany","12":"tag-grosse-deutsche-kunstausstellung","13":"tag-hoerspiele","14":"tag-krimis","15":"tag-kunst","16":"tag-kunst-und-design","17":"tag-kunstverbrechen","18":"tag-muenchen","19":"tag-nazikunst","20":"tag-podcast","21":"tag-unterhaltung"},"share_on_mastodon":{"url":"https:\/\/pubeurope.com\/@de\/115434200715535800","error":""},"_links":{"self":[{"href":"https:\/\/www.europesays.com\/de\/wp-json\/wp\/v2\/posts\/525493","targetHints":{"allow":["GET"]}}],"collection":[{"href":"https:\/\/www.europesays.com\/de\/wp-json\/wp\/v2\/posts"}],"about":[{"href":"https:\/\/www.europesays.com\/de\/wp-json\/wp\/v2\/types\/post"}],"author":[{"embeddable":true,"href":"https:\/\/www.europesays.com\/de\/wp-json\/wp\/v2\/users\/2"}],"replies":[{"embeddable":true,"href":"https:\/\/www.europesays.com\/de\/wp-json\/wp\/v2\/comments?post=525493"}],"version-history":[{"count":0,"href":"https:\/\/www.europesays.com\/de\/wp-json\/wp\/v2\/posts\/525493\/revisions"}],"wp:featuredmedia":[{"embeddable":true,"href":"https:\/\/www.europesays.com\/de\/wp-json\/wp\/v2\/media\/525494"}],"wp:attachment":[{"href":"https:\/\/www.europesays.com\/de\/wp-json\/wp\/v2\/media?parent=525493"}],"wp:term":[{"taxonomy":"category","embeddable":true,"href":"https:\/\/www.europesays.com\/de\/wp-json\/wp\/v2\/categories?post=525493"},{"taxonomy":"post_tag","embeddable":true,"href":"https:\/\/www.europesays.com\/de\/wp-json\/wp\/v2\/tags?post=525493"}],"curies":[{"name":"wp","href":"https:\/\/api.w.org\/{rel}","templated":true}]}}