{"id":525598,"date":"2025-10-25T10:50:13","date_gmt":"2025-10-25T10:50:13","guid":{"rendered":"https:\/\/www.europesays.com\/de\/525598\/"},"modified":"2025-10-25T10:50:13","modified_gmt":"2025-10-25T10:50:13","slug":"darum-trafen-sich-lotto-chico-und-micky-beisenherz-in-dortmund-regional","status":"publish","type":"post","link":"https:\/\/www.europesays.com\/de\/525598\/","title":{"rendered":"Darum trafen sich Lotto-Chico und Micky Beisenherz in Dortmund | Regional"},"content":{"rendered":"<p>Dortmund\u00a0(NRW) \u2013 <b>Das Foto aus einem Hinterhof in der Dortmunder Nordstadt zeigt Micky Beisenherz (48) und K\u00fcrsat Yildirim (44), beide sitzen l\u00e4ssig auf einem Porsche-Oldtimer. \u201eNeues Tatort-Duo\u201c, kommentiert der Moderator sein Treffen mit dem Lotto-Million\u00e4r.<\/b><\/p>\n<p>Auch interessant<\/p>\n<p>Anzeige<\/p>\n<p>Auch interessant<\/p>\n<p>Anzeige<\/p>\n<p>Doch der Traum, endlich im <a href=\"https:\/\/www.bild.de\/regional\/dortmund\/home-tEfE9FBcspDqbA9qV8Aj\" class=\"text-link\" rel=\"nofollow noopener\" target=\"_blank\">Dortmunder<\/a> Kult-Krimi mitzuspielen, bleibt f\u00fcr Chico weiterhin unerf\u00fcllt. BILD erfuhr, warum sich die beiden M\u00e4nner wirklich trafen.<\/p>\n<p>Chico hatte Beisenherz 2023 im \u201eK\u00f6lner Treff\u201c (WDR) kennengelernt. \u201eEin Super-Typ, wir haben uns sofort verstanden. Seitdem haben wir immer mal wieder Kontakt gehabt, in diesem Jahr war ich noch einmal zu Gast in der Sendung\u201c, erz\u00e4hlt der ehemalige Kranf\u00fchrer, der 2022 <a href=\"https:\/\/www.bild.de\/regional\/dortmund\/chico-knackte-den-jackpot-im-lotto-seine-erfolgsgeschichte-673741f825f5c12fe9b1123a\" class=\"text-link\" rel=\"nofollow noopener\" target=\"_blank\">fast zehn Millionen Euro im Lotto<\/a> gewann. <\/p>\n<p><b>Auch Beisenherz (u.\u00a0a. Podcast \u201eApokalypse &amp; Filterkaffee\u201c) bekennt: \u201eIch bin ein gro\u00dfer Fan von Chico und seinem Weg.\u201c<\/b><\/p>\n<p><img decoding=\"async\" width=\"992\" height=\"932\" alt=\"Selfie mit G\u00e4sten: Micky Beisenherz (Mitte) begr\u00fc\u00dfte im Februar u.a. Lotto-K\u00f6nig Chico (2.v.r.). Ebenfalls dabei (v.l.): Yvonne Marquard, Olli Dietrich, Susan Link, Veronica Ferres, Caroline Friere und Dirk Rossmann\" src=\"https:\/\/www.europesays.com\/de\/wp-content\/uploads\/2025\/10\/b267fc5078ff8e0f6da33a9d47a9b3db,e876bdb6\"   class=\"dynamic\" loading=\"lazy\"\/><\/p>\n<p class=\"fig__caption__text\">Selfie mit G\u00e4sten: Micky Beisenherz (Mitte) begr\u00fc\u00dfte im Februar u.\u00a0a. Lotto-K\u00f6nig Chico (2.\u00a0v.\u00a0r.). Ebenfalls dabei (v.\u00a0l.): Yvonne Marquard, Olli Dietrich, Susan Link, Veronica Ferres, Caroline Friere und Dirk Rossmann<\/p>\n<p>Foto: WDR\/K\u00f6lner Treff<\/p>\n<p><b>Die beiden M\u00e4nner haben mindestens drei gemeinsame Leidenschaften: Der Wahl-Hamburger ist wie Chico Fan des <\/b><a href=\"https:\/\/www.bild.de\/regional\/ruhrgebiet\/ruhrgebiet-regional\/home-16344468.bild.html\" class=\"text-link\" rel=\"nofollow noopener\" target=\"_blank\"><b>Ruhrgebiets<\/b><\/a><b>, wurde in Castrop-Rauxel gro\u00df. Zudem ist er ebenfalls Fan von <\/b><a href=\"https:\/\/www.bild.de\/sport\/fussball\/borussia-dortmund\/startseite-bvb-31074434.bild.html\" class=\"text-link\" rel=\"nofollow noopener\" target=\"_blank\"><b>Borussia Dortmund<\/b><\/a><b> und f\u00e4hrt am liebsten Porsche. W\u00e4hrend K\u00fcrsat Yildirim mit seinen Lotto-Millionen gleich einen 911 Turbo S kaufte, f\u00e4hrt Beisenherz einen schwarzen 911er Oldtimer.<\/b><\/p>\n<p>Beim Treffen ging es ums Parken<\/p>\n<p>Die gemeinsame Porsche-Passion war auch der Grund f\u00fcr das Treffen im Garagenhof: Beisenherz hatte in einem Spiegel-Bericht \u00fcber Chico (\u201eEine Million hab ich auf die Kacke gehauen\u201c) gelesen, dass der neureiche T\u00fcrke inzwischen mehrere Immobilien und Garagen besitzt.<\/p>\n<p>Mehr zum Thema<\/p>\n<p>Chico: \u201eMicky suchte eine Garage, weil er oft mit dem Zug von Hamburg in seine Heimat f\u00e4hrt. Er wollte seinen Porsche in der N\u00e4he des Hauptbahnhofs sicher abstellen k\u00f6nnen.\u201c Die Vermietung, f\u00fcr Chico Ehrensache und kostenlos: \u201eUnter Freunden hilft man sich. Micky wollte unbedingt daf\u00fcr zahlen, aber ich habe gesagt: Wenn du zahlen willst, habe ich keine Garage f\u00fcr dich.\u201c<\/p>\n","protected":false},"excerpt":{"rendered":"Dortmund\u00a0(NRW) \u2013 Das Foto aus einem Hinterhof in der Dortmunder Nordstadt zeigt Micky Beisenherz (48) und K\u00fcrsat Yildirim&hellip;\n","protected":false},"author":2,"featured_media":525599,"comment_status":"","ping_status":"","sticky":false,"template":"","format":"standard","meta":{"footnotes":""},"categories":[1833],"tags":[129597,68998,3364,29,217,30,36424,6486,26142,1209,14056,45,1348],"class_list":{"0":"post-525598","1":"post","2":"type-post","3":"status-publish","4":"format-standard","5":"has-post-thumbnail","7":"category-dortmund","8":"tag-beisenherz-micky","9":"tag-chico","10":"tag-de","11":"tag-deutschland","12":"tag-dortmund","13":"tag-germany","14":"tag-jackpot","15":"tag-lotto","16":"tag-millionaer","17":"tag-nordrhein-westfalen","18":"tag-porsche","19":"tag-texttospeech","20":"tag-wegener-andreas"},"share_on_mastodon":{"url":"https:\/\/pubeurope.com\/@de\/115434424491172374","error":""},"_links":{"self":[{"href":"https:\/\/www.europesays.com\/de\/wp-json\/wp\/v2\/posts\/525598","targetHints":{"allow":["GET"]}}],"collection":[{"href":"https:\/\/www.europesays.com\/de\/wp-json\/wp\/v2\/posts"}],"about":[{"href":"https:\/\/www.europesays.com\/de\/wp-json\/wp\/v2\/types\/post"}],"author":[{"embeddable":true,"href":"https:\/\/www.europesays.com\/de\/wp-json\/wp\/v2\/users\/2"}],"replies":[{"embeddable":true,"href":"https:\/\/www.europesays.com\/de\/wp-json\/wp\/v2\/comments?post=525598"}],"version-history":[{"count":0,"href":"https:\/\/www.europesays.com\/de\/wp-json\/wp\/v2\/posts\/525598\/revisions"}],"wp:featuredmedia":[{"embeddable":true,"href":"https:\/\/www.europesays.com\/de\/wp-json\/wp\/v2\/media\/525599"}],"wp:attachment":[{"href":"https:\/\/www.europesays.com\/de\/wp-json\/wp\/v2\/media?parent=525598"}],"wp:term":[{"taxonomy":"category","embeddable":true,"href":"https:\/\/www.europesays.com\/de\/wp-json\/wp\/v2\/categories?post=525598"},{"taxonomy":"post_tag","embeddable":true,"href":"https:\/\/www.europesays.com\/de\/wp-json\/wp\/v2\/tags?post=525598"}],"curies":[{"name":"wp","href":"https:\/\/api.w.org\/{rel}","templated":true}]}}