{"id":52566,"date":"2025-04-22T16:56:08","date_gmt":"2025-04-22T16:56:08","guid":{"rendered":"https:\/\/www.europesays.com\/de\/52566\/"},"modified":"2025-04-22T16:56:08","modified_gmt":"2025-04-22T16:56:08","slug":"riesiger-buerokomplex-an-der-b-10-liegt-brach-das-sind-die-plaene-fuer-das-esslinger-roser-areal-esslingen","status":"publish","type":"post","link":"https:\/\/www.europesays.com\/de\/52566\/","title":{"rendered":"Riesiger B\u00fcrokomplex an der B\u200a10 liegt brach: Das sind die Pl\u00e4ne f\u00fcr das Esslinger Roser-Areal &#8211; Esslingen"},"content":{"rendered":"<p>Das Roser-Areal in Esslingen soll entwickelt werden, aus B\u00fcros Wohnungen werden. Doch seit Jahren tut sich wenig auf dem Grundst\u00fcck an der B\u200a10 in der Pliensauvorstadt. Derzeit wohnen dort Gefl\u00fcchtete. Nun hat ein Architekturb\u00fcro einen Bauantrag eingereicht.<\/p>\n<p>Einst war an dieser Stelle reger Betrieb in einem der gro\u00dfen w\u00fcrttembergischen Industrieunternehmen, einer Lederfabrik. Heute wartet das nach ihr benannte Roser-Areal als eine der gr\u00f6\u00dften Brachen <a href=\"https:\/\/www.esslinger-zeitung.de\/thema\/Esslingen\" title=\"Esslingen\" class=\"art_thema\" target=\"_blank\" rel=\"noopener\">Esslingen<\/a>s auf seine Entwicklung. Nun scheint sich etwas zu tun.<\/p>\n","protected":false},"excerpt":{"rendered":"Das Roser-Areal in Esslingen soll entwickelt werden, aus B\u00fcros Wohnungen werden. Doch seit Jahren tut sich wenig auf&hellip;\n","protected":false},"author":2,"featured_media":43851,"comment_status":"","ping_status":"","sticky":false,"template":"","format":"standard","meta":{"footnotes":""},"categories":[1830],"tags":[1634,3364,29,3439,12241,30,22153,22152,5321,1441,5337],"class_list":{"0":"post-52566","1":"post","2":"type-post","3":"status-publish","4":"format-standard","5":"has-post-thumbnail","7":"category-stuttgart","8":"tag-baden-wuerttemberg","9":"tag-de","10":"tag-deutschland","11":"tag-esslingen","12":"tag-gefluechtete","13":"tag-germany","14":"tag-pliensauvorstadt","15":"tag-roser-areal","16":"tag-stadt-esslingen","17":"tag-stuttgart","18":"tag-wohnungen"},"share_on_mastodon":{"url":"https:\/\/pubeurope.com\/@de\/114382673582989043","error":""},"_links":{"self":[{"href":"https:\/\/www.europesays.com\/de\/wp-json\/wp\/v2\/posts\/52566","targetHints":{"allow":["GET"]}}],"collection":[{"href":"https:\/\/www.europesays.com\/de\/wp-json\/wp\/v2\/posts"}],"about":[{"href":"https:\/\/www.europesays.com\/de\/wp-json\/wp\/v2\/types\/post"}],"author":[{"embeddable":true,"href":"https:\/\/www.europesays.com\/de\/wp-json\/wp\/v2\/users\/2"}],"replies":[{"embeddable":true,"href":"https:\/\/www.europesays.com\/de\/wp-json\/wp\/v2\/comments?post=52566"}],"version-history":[{"count":0,"href":"https:\/\/www.europesays.com\/de\/wp-json\/wp\/v2\/posts\/52566\/revisions"}],"wp:featuredmedia":[{"embeddable":true,"href":"https:\/\/www.europesays.com\/de\/wp-json\/wp\/v2\/media\/43851"}],"wp:attachment":[{"href":"https:\/\/www.europesays.com\/de\/wp-json\/wp\/v2\/media?parent=52566"}],"wp:term":[{"taxonomy":"category","embeddable":true,"href":"https:\/\/www.europesays.com\/de\/wp-json\/wp\/v2\/categories?post=52566"},{"taxonomy":"post_tag","embeddable":true,"href":"https:\/\/www.europesays.com\/de\/wp-json\/wp\/v2\/tags?post=52566"}],"curies":[{"name":"wp","href":"https:\/\/api.w.org\/{rel}","templated":true}]}}