{"id":525783,"date":"2025-10-25T12:35:13","date_gmt":"2025-10-25T12:35:13","guid":{"rendered":"https:\/\/www.europesays.com\/de\/525783\/"},"modified":"2025-10-25T12:35:13","modified_gmt":"2025-10-25T12:35:13","slug":"unfall-in-berlin-unbekannter-fahrer-fluechtet-nach-kind-unfall-regional","status":"publish","type":"post","link":"https:\/\/www.europesays.com\/de\/525783\/","title":{"rendered":"Unfall in Berlin: Unbekannter Fahrer fl\u00fcchtet nach Kind-Unfall | Regional"},"content":{"rendered":"<p>Berlin \u2013 <b>Ein unbekannter Autofahrer hat in Hakenfelde einen Jungen angefahren und ist danach gefl\u00fcchtet.<\/b><\/p>\n<p>Der Vorfall ereignete sich gegen 08:40 Uhr, als der achtj\u00e4hrige Junge bei gr\u00fcner Ampel die Neuendorfer Stra\u00dfe an der Kreuzung Askanierring\/Havelschanze\/Neuendorfer Stra\u00dfe \u00fcberquerte. Ein Mann in einem Mercedes, der in Richtung Streitstra\u00dfe fuhr, erfasste den Jungen auf der Fahrbahn.<\/p>\n<p>Auch interessant<\/p>\n<p>Anzeige<\/p>\n<p>Auch interessant<\/p>\n<p>Anzeige<\/p>\n<p>Der Fahrer hielt kurz an einer Haltestelle, schaute aus dem Fenster und lachte, bevor er den Unfallort verlie\u00df. Der Junge erlitt eine Nasenverletzung und Schmerzen in der linken K\u00f6rperh\u00e4lfte. Unter Schock ging er in seinen Hort, wo er der Erzieherin vom Unfall berichtete. Diese unternahm jedoch nichts.<\/p>\n<p>Erst gegen Mittag rief der Junge seine Betreuerin an, die ihn abholte und zur Polizei brachte, um Anzeige zu erstatten. Rettungskr\u00e4fte der Berliner Feuerwehr wurden ebenfalls alarmiert und brachten den Jungen ins Krankenhaus, wo er station\u00e4r aufgenommen wurde.<\/p>\n<p>Ein Fachkommissariat f\u00fcr Verkehrsdelikte der Polizeidirektion 2 (West) hat die Ermittlungen \u00fcbernommen.<\/p>\n<p>Dieser Text basiert auf einer offiziellen Beh\u00f6rden-Information und wurde mit Hilfe von KI erstellt.<\/p>\n","protected":false},"excerpt":{"rendered":"Berlin \u2013 Ein unbekannter Autofahrer hat in Hakenfelde einen Jungen angefahren und ist danach gefl\u00fcchtet. Der Vorfall ereignete&hellip;\n","protected":false},"author":2,"featured_media":469645,"comment_status":"","ping_status":"","sticky":false,"template":"","format":"standard","meta":{"footnotes":""},"categories":[1825],"tags":[296,29,30,2509,121,45,2624,1995],"class_list":{"0":"post-525783","1":"post","2":"type-post","3":"status-publish","4":"format-standard","5":"has-post-thumbnail","7":"category-berlin","8":"tag-berlin","9":"tag-deutschland","10":"tag-germany","11":"tag-ki-ots","12":"tag-polizei","13":"tag-texttospeech","14":"tag-unfaelle","15":"tag-verbrechen"},"share_on_mastodon":{"url":"https:\/\/pubeurope.com\/@de\/115434836911214764","error":""},"_links":{"self":[{"href":"https:\/\/www.europesays.com\/de\/wp-json\/wp\/v2\/posts\/525783","targetHints":{"allow":["GET"]}}],"collection":[{"href":"https:\/\/www.europesays.com\/de\/wp-json\/wp\/v2\/posts"}],"about":[{"href":"https:\/\/www.europesays.com\/de\/wp-json\/wp\/v2\/types\/post"}],"author":[{"embeddable":true,"href":"https:\/\/www.europesays.com\/de\/wp-json\/wp\/v2\/users\/2"}],"replies":[{"embeddable":true,"href":"https:\/\/www.europesays.com\/de\/wp-json\/wp\/v2\/comments?post=525783"}],"version-history":[{"count":0,"href":"https:\/\/www.europesays.com\/de\/wp-json\/wp\/v2\/posts\/525783\/revisions"}],"wp:featuredmedia":[{"embeddable":true,"href":"https:\/\/www.europesays.com\/de\/wp-json\/wp\/v2\/media\/469645"}],"wp:attachment":[{"href":"https:\/\/www.europesays.com\/de\/wp-json\/wp\/v2\/media?parent=525783"}],"wp:term":[{"taxonomy":"category","embeddable":true,"href":"https:\/\/www.europesays.com\/de\/wp-json\/wp\/v2\/categories?post=525783"},{"taxonomy":"post_tag","embeddable":true,"href":"https:\/\/www.europesays.com\/de\/wp-json\/wp\/v2\/tags?post=525783"}],"curies":[{"name":"wp","href":"https:\/\/api.w.org\/{rel}","templated":true}]}}