{"id":525789,"date":"2025-10-25T12:43:19","date_gmt":"2025-10-25T12:43:19","guid":{"rendered":"https:\/\/www.europesays.com\/de\/525789\/"},"modified":"2025-10-25T12:43:19","modified_gmt":"2025-10-25T12:43:19","slug":"bruce-springsteen-spricht-ueber-die-hoelle-in-amerika","status":"publish","type":"post","link":"https:\/\/www.europesays.com\/de\/525789\/","title":{"rendered":"Bruce Springsteen spricht \u00fcber die \u00abH\u00f6lle\u00bb in Amerika"},"content":{"rendered":"<p class=\"tracking-tight font-semibold text-base\" q:key=\"O8_0\">Rockikone Bruce Springsteen sprach am Rande einer Premiere seines Biopics \u00abDeliver Me From Nowhere\u00bb \u00fcber die Situation in Amerika unter Donald Trump.<\/p>\n<p><img onload=\"this.style.backgroundColor = ''\" loading=\"eager\" fetchpriority=\"high\" decoding=\"sync\" height=\"450\" alt=\"springsteen\" width=\"900\"  style=\"aspect-ratio:2;object-fit:cover;background-color:#747A92\"  src=\"https:\/\/www.europesays.com\/de\/wp-content\/uploads\/2025\/10\/springsteen.jpg\" class=\"rounded-xl mx-auto\" on:load=\"q-qsPz7Mk6.js#s_pVFDuJsFGxQ\"\/>Bruce Springsteen ist einer der erfolgreichsten Musiker der Welt, mit \u00fcber 140\u202fMillionen verkauften Tontr\u00e4gern. &#8211; Keystone<\/p>\n<p preventdefault:click=\"\" lang=\"de\" class=\"text-base hyphens-auto\" on:click=\"q-7O2KXuJl.js#s_Dola2XqN0FU[0 1]\" q:key=\"YR_0\" q:id=\"8l\">Bruce Springsteen teilte bei der Premiere seines <a href=\"https:\/\/www.nau.ch\/people\/welt\/neues-biopic-uber-bruce-springsteen-im-kino-67057383\" target=\"_blank\" rel=\"noopener\">Biopics \u00abDeliver Me From Nowhere\u00bb<\/a> eine kraftvolle politische Botschaft. Der 76-J\u00e4hrige performte bei der American Film Institute Opening Night <a href=\"https:\/\/www.nau.ch\/news\/gala\" target=\"_blank\" rel=\"noopener\">Gala<\/a> im TCL Chinese <a href=\"https:\/\/www.nau.ch\/lifestyle\/theater\" target=\"_blank\" rel=\"noopener\">Theater<\/a> in <a href=\"https:\/\/www.nau.ch\/news\/hollywood\" target=\"_blank\" rel=\"noopener\">Hollywood<\/a> zwei akustische Songs.<\/p>\n<p preventdefault:click=\"\" lang=\"de\" class=\"text-base hyphens-auto\" on:click=\"q-7O2KXuJl.js#s_Dola2XqN0FU[0 1]\" q:key=\"YR_0\" q:id=\"8n\">Begleitet von seiner Ehefrau Patti Scialfa und Hauptdarsteller Jeremy Allen White, ging Springsteen \u00fcber den roten Teppich. Er nutzte laut \u00abBillboard\u00bb die Gelegenheit, um sich \u00fcber die Situationen in den USA zu \u00e4ussern:<\/p>\n<p>Magst du Bruce Springsteen?<\/p>\n<p>1Ja.<\/p>\n<p>2Nein.<\/p>\n<p preventdefault:click=\"\" lang=\"de\" class=\"text-base hyphens-auto\" on:click=\"q-7O2KXuJl.js#s_Dola2XqN0FU[0 1]\" q:key=\"YR_0\" q:id=\"8x\">\u00abDraussen bricht in den Vereinigten Staaten die H\u00f6lle los\u00bb. 250 Jahre lang habe Amerika \u00abtrotz aller Fehler\u00bb als \u00abLeuchtturm der Demokratie und Hoffnung und Freiheit\u00bb gegolten.<\/p>\n<p>Bruce Springsteen betet f\u00fcr die \u00abNo Kings\u00bb-Botschaft<\/p>\n<p preventdefault:click=\"\" lang=\"de\" class=\"text-base hyphens-auto\" on:click=\"q-7O2KXuJl.js#s_Dola2XqN0FU[0 1]\" q:key=\"YR_0\" q:id=\"8z\">Vor seinem Song \u00abLand of Hope and Dreams\u00bb machte Springsteen eine eindeutige politische Aussage gegen <a href=\"https:\/\/www.nau.ch\/politik\/donald-trump\" target=\"_blank\" rel=\"noopener\">Donald Trump<\/a>. Er bezeichnete das Lied als \u00abein Gebet f\u00fcr Amerika, unsere Gemeinschaft und keine K\u00f6nige\u00bb, berichtet \u00abUS Today\u00bb.<\/p>\n<p><img onload=\"this.style.backgroundColor = ''\" loading=\"lazy\" decoding=\"async\" height=\"596.0264900662252\" alt=\"springsteen\" width=\"900\"  style=\"aspect-ratio:1.51;object-fit:cover;background-color:#654B43\"  src=\"https:\/\/www.europesays.com\/de\/wp-content\/uploads\/2025\/10\/1761396198_342_springsteen.jpg\" class=\"rounded-xl mx-auto\" on:load=\"q-qsPz7Mk6.js#s_pVFDuJsFGxQ\"\/>Springsteen und seine Ehefrau Patti Scialfa bei der Premiere seines Biopics \u00abDeliver Me from Nowhere\u00bb. &#8211; Keystone<\/p>\n<p preventdefault:click=\"\" lang=\"de\" class=\"text-base hyphens-auto\" on:click=\"q-7O2KXuJl.js#s_Dola2XqN0FU[0 1]\" q:key=\"YR_0\" q:id=\"94\"><a href=\"https:\/\/www.nau.ch\/news\/amerika\/nach-massenprotesten-republikaner-greifen-no-kings-an-67056232\" target=\"_blank\" rel=\"noopener\">Die \u00abNo-Kings-\u00bbBewegung<\/a> richtet sich gegen autorit\u00e4re Tendenzen in der Trump-Administration und fordert eine R\u00fcckkehr zu demokratischen Werten. Die Proteste erinnern bewusst an die amerikanische Revolution und den historischen Widerstand gegen monarchische Herrschaft.<\/p>\n<p preventdefault:click=\"\" lang=\"de\" class=\"text-base hyphens-auto\" on:click=\"q-7O2KXuJl.js#s_Dola2XqN0FU[0 1]\" q:key=\"YR_0\" q:id=\"96\">\u00abIch bin seit 50 Jahren als eine <a href=\"https:\/\/www.nau.ch\/people\/welt\/bruce-springsteen-bringt-sieben-neue-alben-heraus-67009651\" target=\"_blank\" rel=\"noopener\">Art musikalischer Botschafter<\/a> f\u00fcr Amerika unterwegs\u00bb, so Springsteen. Er habe \u00abdie <a href=\"https:\/\/www.nau.ch\/lifestyle\/liebe\" target=\"_blank\" rel=\"noopener\">Liebe<\/a> und Bewunderung gesehen, die Menschen auf der ganzen Welt f\u00fcr das Amerika unserer h\u00f6chsten Ideale empfinden.\u00bb<\/p>\n<p>Kontinuierliche Kritik an der Trump-Administration<\/p>\n<p preventdefault:click=\"\" lang=\"de\" class=\"text-base hyphens-auto\" on:click=\"q-7O2KXuJl.js#s_Dola2XqN0FU[0 1]\" q:key=\"YR_0\" q:id=\"98\">Springsteen hat seine Kritik an <a href=\"https:\/\/www.nau.ch\/politik\/donald-trump\" target=\"_blank\" rel=\"noopener\">Donald Trump<\/a> in den vergangenen Monaten stetig verst\u00e4rkt und angek\u00fcndigt, nicht nachzulassen. <\/p>\n<p preventdefault:click=\"\" lang=\"de\" class=\"text-base hyphens-auto\" on:click=\"q-7O2KXuJl.js#s_Dola2XqN0FU[0 1]\" q:key=\"YR_0\" q:id=\"9a\">Trump hatte den <a href=\"https:\/\/www.nau.ch\/news\/musiker\" target=\"_blank\" rel=\"noopener\">Musiker<\/a> bereits in sozialen Medien als \u00ab\u00fcberbewertet\u00bb und \u00abuntalentierten Idioten\u00bb bezeichnet. Diese pers\u00f6nlichen Angriffe haben Springsteen jedoch nicht davon abgehalten, seine Position weiter zu vertreten.<\/p>\n<p><img onload=\"this.style.backgroundColor = ''\" loading=\"lazy\" decoding=\"async\" height=\"439.0243902439025\" alt=\"springsteen\" width=\"900\"  style=\"aspect-ratio:2.05;object-fit:cover;background-color:#E8E8E9\"  src=\"https:\/\/www.europesays.com\/de\/wp-content\/uploads\/2025\/10\/1761396199_264_springsteen.jpg\" class=\"rounded-xl mx-auto\" on:load=\"q-qsPz7Mk6.js#s_pVFDuJsFGxQ\"\/>Im Mai teilte US-Pr\u00e4sident Trump gegen Springsteen aus. &#8211; Truth Social\/Donald J. Trump<\/p>\n<p preventdefault:click=\"\" lang=\"de\" class=\"text-base hyphens-auto\" on:click=\"q-7O2KXuJl.js#s_Dola2XqN0FU[0 1]\" q:key=\"YR_0\" q:id=\"9f\">\u00abDieses Land und diese Ideale sind es weiterhin wert, daf\u00fcr zu k\u00e4mpfen\u00bb, betont der Rockstar laut dem \u00abRollinstone\u00bb. Er sehe seine Rolle als K\u00fcnstler darin, f\u00fcr demokratische Werte einzustehen und seine Plattform f\u00fcr politische Meinungs\u00e4usserung zu nutzen.<\/p>\n","protected":false},"excerpt":{"rendered":"Rockikone Bruce Springsteen sprach am Rande einer Premiere seines Biopics \u00abDeliver Me From Nowhere\u00bb \u00fcber die Situation in&hellip;\n","protected":false},"author":2,"featured_media":525790,"comment_status":"","ping_status":"","sticky":false,"template":"","format":"standard","meta":{"footnotes":""},"categories":[1772],"tags":[3057,48629,13380,129493,29,106,214,30,1779,810,72630,215],"class_list":{"0":"post-525789","1":"post","2":"type-post","3":"status-publish","4":"format-standard","5":"has-post-thumbnail","7":"category-musik","8":"tag-amerika","9":"tag-biopic","10":"tag-bruce-springsteen","11":"tag-deliver-me-from-nowhere","12":"tag-deutschland","13":"tag-donald-trump","14":"tag-entertainment","15":"tag-germany","16":"tag-music","17":"tag-musik","18":"tag-no-kings","19":"tag-unterhaltung"},"share_on_mastodon":{"url":"https:\/\/pubeurope.com\/@de\/115434870122659197","error":""},"_links":{"self":[{"href":"https:\/\/www.europesays.com\/de\/wp-json\/wp\/v2\/posts\/525789","targetHints":{"allow":["GET"]}}],"collection":[{"href":"https:\/\/www.europesays.com\/de\/wp-json\/wp\/v2\/posts"}],"about":[{"href":"https:\/\/www.europesays.com\/de\/wp-json\/wp\/v2\/types\/post"}],"author":[{"embeddable":true,"href":"https:\/\/www.europesays.com\/de\/wp-json\/wp\/v2\/users\/2"}],"replies":[{"embeddable":true,"href":"https:\/\/www.europesays.com\/de\/wp-json\/wp\/v2\/comments?post=525789"}],"version-history":[{"count":0,"href":"https:\/\/www.europesays.com\/de\/wp-json\/wp\/v2\/posts\/525789\/revisions"}],"wp:featuredmedia":[{"embeddable":true,"href":"https:\/\/www.europesays.com\/de\/wp-json\/wp\/v2\/media\/525790"}],"wp:attachment":[{"href":"https:\/\/www.europesays.com\/de\/wp-json\/wp\/v2\/media?parent=525789"}],"wp:term":[{"taxonomy":"category","embeddable":true,"href":"https:\/\/www.europesays.com\/de\/wp-json\/wp\/v2\/categories?post=525789"},{"taxonomy":"post_tag","embeddable":true,"href":"https:\/\/www.europesays.com\/de\/wp-json\/wp\/v2\/tags?post=525789"}],"curies":[{"name":"wp","href":"https:\/\/api.w.org\/{rel}","templated":true}]}}