{"id":525806,"date":"2025-10-25T12:52:20","date_gmt":"2025-10-25T12:52:20","guid":{"rendered":"https:\/\/www.europesays.com\/de\/525806\/"},"modified":"2025-10-25T12:52:20","modified_gmt":"2025-10-25T12:52:20","slug":"is-anhaenger-in-u-haft-terror-verdacht-nach-schuessen-auf-autos-regional","status":"publish","type":"post","link":"https:\/\/www.europesays.com\/de\/525806\/","title":{"rendered":"IS-Anh\u00e4nger in U-Haft: Terror-Verdacht nach Sch\u00fcssen auf Autos | Regional"},"content":{"rendered":"<p>Dillingen (Bayern) \u2013 <b>Ein T\u00fcrke (21) feuerte in Bayern mit einem Luftgewehr auf Autos. Die Generalstaatsanwaltschaft ist sicher: Es war eine Terror-Attacke! Der T\u00e4ter, gegen den wegen Mordversuchs in 22 F\u00e4llen ermittelt wird, ist offensichtlich ein IS-Sympathisant.<\/b><\/p>\n<p>Auch interessant<\/p>\n<p>Anzeige<\/p>\n<p>Auch interessant<\/p>\n<p>Anzeige<\/p>\n<p>Der Beschuldigte soll am 9. und 11. September in Dillingen an der Donau (<a href=\"https:\/\/www.bild.de\/regional\/bayern\/home-F0nY8r5b4CmXLAXAmTuS\" class=\"text-link\" target=\"_blank\" rel=\"noopener\">Bayern<\/a>) nordwestlich von Augsburg neben der B16 gelauert und auf 22 zuf\u00e4llig ausgew\u00e4hlte Autos geschossen haben. Sein Ziel soll gewesen sein, schwere Unf\u00e4lle zu verursachen und die Insassen zu t\u00f6ten oder schwer zu verletzen, so die Generalstaatsanwaltschaft M\u00fcnchen am Freitag. Verletzt wurde zum Gl\u00fcck niemand. An den Autos entstanden Sch\u00e4den.<\/p>\n<p><b>Die Ermittler gehen von einem islamistischen Hintergrund aus. Der 21-J\u00e4hrige stehe im Verdacht, als Anh\u00e4nger der <\/b><a href=\"https:\/\/www.bild.de\/politik\/ausland\/thema-is-alle-infos-eAbyhSneKmqQAyZBxJdY\" class=\"text-link\" target=\"_blank\" rel=\"noopener\"><b>Terrormiliz Islamischer Staat (IS)<\/b><\/a><b> gehandelt zu haben, hei\u00dft es in der Mitteilung. Ein Richter erlie\u00df einen Untersuchungshaftbefehl.<\/b><\/p>\n<p>T\u00fcrke am Tatort festgenommen<\/p>\n<p><a href=\"https:\/\/www.bild.de\/regional\/aktuelles\/polizei\/polizeieinsatz-alle-infos-76681760.bild.html\" class=\"text-link\" target=\"_blank\" rel=\"noopener\">Polizisten<\/a> hatten den T\u00fcrken am 13. September in der N\u00e4he des Tatorts im bayerischen Regierungsbezirk Schwaben festgenommen. Offenbar wollte er erneut angreifen und Fahrzeuge unter Beschuss nehmen. Die Beamten \u00fcberw\u00e4ltigten den Mann und stellten bei ihm ein frei zu erwerbendes Luftgewehr sicher. <\/p>\n<p>Mehr zum Thema<\/p>\n<p>Der 21-J\u00e4hrige kam zuerst wegen Verdachts des gef\u00e4hrlichen Eingriffs in den Stra\u00dfenverkehr, versuchter gef\u00e4hrlicher K\u00f6rperverletzung und Sachbesch\u00e4digung in U-Haft. Doch im Zuge der Ermittlungen h\u00e4tten sich Anhaltspunkte f\u00fcr einen \u201eextremistischen Tathintergrund\u201c ergeben, hie\u00df es. Daraufhin \u00fcbernahm die Zentralstelle zur Bek\u00e4mpfung von Extremismus und Terrorismus bei der Generalstaatsanwaltschaft M\u00fcnchen das Verfahren.<\/p>\n<p>Sch\u00fcsse auf \u201eUngl\u00e4ubige\u201c<\/p>\n<p>Die bisherigen Ermittlungen deuteten darauf hin, dass der Beschuldigte \u201eUngl\u00e4ubige\u201c habe t\u00f6ten wollen. Das Amtsgericht M\u00fcnchen erlie\u00df daher am 14. Oktober einen neuen Haftbefehl.<\/p>\n","protected":false},"excerpt":{"rendered":"Dillingen (Bayern) \u2013 Ein T\u00fcrke (21) feuerte in Bayern mit einem Luftgewehr auf Autos. Die Generalstaatsanwaltschaft ist sicher:&hellip;\n","protected":false},"author":2,"featured_media":525807,"comment_status":"","ping_status":"","sticky":false,"template":"","format":"standard","meta":{"footnotes":""},"categories":[5],"tags":[772,60181,980,13,21709,77286,14,15,121,12,2544,45,10,8,9,11],"class_list":{"0":"post-525806","1":"post","2":"type-post","3":"status-publish","4":"format-standard","5":"has-post-thumbnail","7":"category-nachrichten","8":"tag-bayern","9":"tag-dillingen","10":"tag-festnahme","11":"tag-headlines","12":"tag-is","13":"tag-luftgewehr","14":"tag-nachrichten","15":"tag-news","16":"tag-polizei","17":"tag-schlagzeilen","18":"tag-terrorismus","19":"tag-texttospeech","20":"tag-top-news","21":"tag-top-meldungen","22":"tag-topmeldungen","23":"tag-topnews"},"share_on_mastodon":{"url":"https:\/\/pubeurope.com\/@de\/115434903817351292","error":""},"_links":{"self":[{"href":"https:\/\/www.europesays.com\/de\/wp-json\/wp\/v2\/posts\/525806","targetHints":{"allow":["GET"]}}],"collection":[{"href":"https:\/\/www.europesays.com\/de\/wp-json\/wp\/v2\/posts"}],"about":[{"href":"https:\/\/www.europesays.com\/de\/wp-json\/wp\/v2\/types\/post"}],"author":[{"embeddable":true,"href":"https:\/\/www.europesays.com\/de\/wp-json\/wp\/v2\/users\/2"}],"replies":[{"embeddable":true,"href":"https:\/\/www.europesays.com\/de\/wp-json\/wp\/v2\/comments?post=525806"}],"version-history":[{"count":0,"href":"https:\/\/www.europesays.com\/de\/wp-json\/wp\/v2\/posts\/525806\/revisions"}],"wp:featuredmedia":[{"embeddable":true,"href":"https:\/\/www.europesays.com\/de\/wp-json\/wp\/v2\/media\/525807"}],"wp:attachment":[{"href":"https:\/\/www.europesays.com\/de\/wp-json\/wp\/v2\/media?parent=525806"}],"wp:term":[{"taxonomy":"category","embeddable":true,"href":"https:\/\/www.europesays.com\/de\/wp-json\/wp\/v2\/categories?post=525806"},{"taxonomy":"post_tag","embeddable":true,"href":"https:\/\/www.europesays.com\/de\/wp-json\/wp\/v2\/tags?post=525806"}],"curies":[{"name":"wp","href":"https:\/\/api.w.org\/{rel}","templated":true}]}}