{"id":525881,"date":"2025-10-25T13:33:14","date_gmt":"2025-10-25T13:33:14","guid":{"rendered":"https:\/\/www.europesays.com\/de\/525881\/"},"modified":"2025-10-25T13:33:14","modified_gmt":"2025-10-25T13:33:14","slug":"opfer-schwer-verletzt-mann-nach-messer-attacke-in-dresden-auf-32-jaehrigen-in-haft-regional","status":"publish","type":"post","link":"https:\/\/www.europesays.com\/de\/525881\/","title":{"rendered":"Opfer schwer verletzt: Mann nach Messer-Attacke in Dresden auf 32-J\u00e4hrigen in Haft | Regional"},"content":{"rendered":"<p>Dresden \u2013 <b>Blutige Messer-Attacke im Szeneviertel: In der Dresdner Neustadt wurde ein Mann\u00a0(32) bei einer Auseinandersetzung schwer verletzt. Der mutma\u00dfliche T\u00e4ter sitzt in Haft.<\/b><\/p>\n<p>Die von der Polizei als versuchtes <a href=\"https:\/\/www.bild.de\/themen\/ereignisse\/mord\/nachrichten-news-fotos-videos-21394242.bild.html\" class=\"text-link\" target=\"_blank\" rel=\"noopener\">T\u00f6tungsdelikt<\/a> bewertete Tat ereignete sich um 3.15 Uhr auf der Prie\u00dfnitzstra\u00dfe. Zuvor waren die M\u00e4nner \u2013 beide sind deutsche Staatsb\u00fcrger \u2013 in einem Wohnhaus aneinandergeraten. Marko Laske (50), Sprecher der Polizei <a href=\"https:\/\/www.bild.de\/regional\/dresden\/dresden-regional\/home-16327670.bild.html\" class=\"text-link\" target=\"_blank\" rel=\"noopener\">Dresden<\/a>: \u201eIn der Folge verlagerte sich der Konflikt auf die Stra\u00dfe.\u201c Dort soll der 34-J\u00e4hrige mit einem Messer auf das zwei Jahre j\u00fcngere Opfer eingestochen haben.<\/p>\n<p><img decoding=\"async\" width=\"992\" height=\"558\" alt=\"Die riesige Blutlache ist auf dem Fu\u00dfweg, dahinter Kleidungsst\u00fccke von einem der M\u00e4nner\" src=\"https:\/\/www.europesays.com\/de\/wp-content\/uploads\/2025\/10\/b5ab189bec4cf527f755f7a7f3f335dd,6e44445e\"   class=\"landscape\" loading=\"lazy\"\/><\/p>\n<p class=\"fig__caption__text\">Die riesige Blutlache ist auf dem Fu\u00dfweg, dahinter Kleidungsst\u00fccke von einem der M\u00e4nner<\/p>\n<p>Foto: Roland Halkasch<\/p>\n<p>Verd\u00e4chtiger am Tatort festgenommen<\/p>\n<p>Zeugen w\u00e4hlten den Notruf. W\u00e4hrend der Rettungsdienst das Opfer der Attacke versorgte und ins Krankenhaus brachte, nahm die <a href=\"https:\/\/www.bild.de\/regional\/aktuelles\/polizei\/polizeieinsatz-alle-infos-76681760.bild.html\" class=\"text-link\" target=\"_blank\" rel=\"noopener\">Polizei<\/a> den mutma\u00dflichen T\u00e4ter fest. Sprecher Laske:  \u201eGegen den deutschen Staatsb\u00fcrger wird nun wegen eines versuchten T\u00f6tungsdeliktes ermittelt.\u201c<\/p>\n<p><img decoding=\"async\" width=\"992\" height=\"558\" alt=\"Polizisten vermessen den Tatort im linken Szenviertel Dresdner Neustadt\" src=\"https:\/\/www.europesays.com\/de\/wp-content\/uploads\/2025\/10\/6bc704bd41aca9722cbeb08de2dafb44,38f4d8a9\"   class=\"landscape\" loading=\"lazy\"\/><\/p>\n<p class=\"fig__caption__text\">Polizisten vermessen den Tatort im linken Szeneviertel Dresdner Neustadt<\/p>\n<p>Foto: xcitepress<\/p>\n<p>Noch am n\u00e4chsten Tag zeugte eine riesige Blutlache auf dem Gehweg von den <a href=\"https:\/\/www.bild.de\/news\/aktuelles\/verbrechen\/verbrechen-alle-infos-78141902.bild.html\" class=\"text-link\" target=\"_blank\" rel=\"noopener\">Verbrechen<\/a>. Polizisten sicherten in ihr und im weiteren Bereich Spuren. Mit einem 3-D-Scanner wurde die Stra\u00dfe aufgenommen und vermessen. Kriminaltechniker stellten nummerierte Spurentafeln neben Beweisst\u00fccken auf.<\/p>\n<p>Motiv f\u00fcr Messer-Attacke unklar<\/p>\n<p>Offiziell hei\u00dft es, dass die Hintergr\u00fcnde noch nicht vollst\u00e4ndig ermittelt sind. Deshalb will die Kripo vorerst keine Angaben zu Hergang und Motiv machen.<\/p>\n<p>Mehr zum Thema<\/p>\n<p><b>Der Tatverdacht gegen Christoph K. (34) ist allerdings so dringend, dass der Ermittlungsrichter am <\/b><a href=\"https:\/\/www.bild.de\/themen\/organisationen\/gerichte\/news-fotos-videos-17024270.bild.html\" class=\"text-link\" target=\"_blank\" rel=\"noopener\"><b>Amtsgericht<\/b><\/a><b> Dresden am Freitag gegen 16 Uhr einen Untersuchungshaftbefehl gegen ihn erlie\u00df.<\/b><\/p>\n","protected":false},"excerpt":{"rendered":"Dresden \u2013 Blutige Messer-Attacke im Szeneviertel: In der Dresdner Neustadt wurde ein Mann\u00a0(32) bei einer Auseinandersetzung schwer verletzt.&hellip;\n","protected":false},"author":2,"featured_media":525882,"comment_status":"","ping_status":"","sticky":false,"template":"","format":"standard","meta":{"footnotes":""},"categories":[1835],"tags":[36975,3364,29,2386,980,10176,30,503,682,1981,17930,121,859,2127,45,2627,10646],"class_list":{"0":"post-525881","1":"post","2":"type-post","3":"status-publish","4":"format-standard","5":"has-post-thumbnail","7":"category-dresden","8":"tag-amtsgericht-dresden","9":"tag-de","10":"tag-deutschland","11":"tag-dresden","12":"tag-festnahme","13":"tag-fischer-thomas","14":"tag-germany","15":"tag-haftbefehl","16":"tag-koerperverletzung","17":"tag-messer","18":"tag-mordversuch","19":"tag-polizei","20":"tag-sachsen","21":"tag-streit","22":"tag-texttospeech","23":"tag-verletzungen","24":"tag-versuchter-totschlag"},"share_on_mastodon":{"url":"https:\/\/pubeurope.com\/@de\/115435065471035712","error":""},"_links":{"self":[{"href":"https:\/\/www.europesays.com\/de\/wp-json\/wp\/v2\/posts\/525881","targetHints":{"allow":["GET"]}}],"collection":[{"href":"https:\/\/www.europesays.com\/de\/wp-json\/wp\/v2\/posts"}],"about":[{"href":"https:\/\/www.europesays.com\/de\/wp-json\/wp\/v2\/types\/post"}],"author":[{"embeddable":true,"href":"https:\/\/www.europesays.com\/de\/wp-json\/wp\/v2\/users\/2"}],"replies":[{"embeddable":true,"href":"https:\/\/www.europesays.com\/de\/wp-json\/wp\/v2\/comments?post=525881"}],"version-history":[{"count":0,"href":"https:\/\/www.europesays.com\/de\/wp-json\/wp\/v2\/posts\/525881\/revisions"}],"wp:featuredmedia":[{"embeddable":true,"href":"https:\/\/www.europesays.com\/de\/wp-json\/wp\/v2\/media\/525882"}],"wp:attachment":[{"href":"https:\/\/www.europesays.com\/de\/wp-json\/wp\/v2\/media?parent=525881"}],"wp:term":[{"taxonomy":"category","embeddable":true,"href":"https:\/\/www.europesays.com\/de\/wp-json\/wp\/v2\/categories?post=525881"},{"taxonomy":"post_tag","embeddable":true,"href":"https:\/\/www.europesays.com\/de\/wp-json\/wp\/v2\/tags?post=525881"}],"curies":[{"name":"wp","href":"https:\/\/api.w.org\/{rel}","templated":true}]}}