{"id":525948,"date":"2025-10-25T14:10:14","date_gmt":"2025-10-25T14:10:14","guid":{"rendered":"https:\/\/www.europesays.com\/de\/525948\/"},"modified":"2025-10-25T14:10:14","modified_gmt":"2025-10-25T14:10:14","slug":"iris-klein-hat-ihren-nachnamen-geaendert","status":"publish","type":"post","link":"https:\/\/www.europesays.com\/de\/525948\/","title":{"rendered":"Iris Klein hat ihren Nachnamen ge\u00e4ndert"},"content":{"rendered":"<p>&#8222;K\u00e4mpfen lohnt sich immer&#8220; <\/p>\n<p>Diesen Nachnamen tr\u00e4gt Iris Klein jetzt<\/p>\n<p>25.10.2025 &#8211; 15:05 UhrLesedauer: 2 Min.<\/p>\n<p><a href=\"#focus-0\" class=\"transition-colors duration-200 block text-current relative\" data-sctrack=\"FocusGalleryImage.Reference\"><img fetchpriority=\"high\" data-testid=\"Opener.Image\" style=\"--lqipURL:url('https:\/\/images.t-online.de\/2025\/10\/ZawGQH8rw4eS\/320x305:1802x1013\/fit-in\/150x0\/filters:blur(25)\/iris-klein-unter-diesem-namen-war-sie-der-oeffentlichkeit-bisher-bekannt.jpg')\"   loading=\"eager\" src=\"https:\/\/www.europesays.com\/de\/wp-content\/uploads\/2025\/10\/iris-klein-unter-diesem-namen-war-sie-der-oeffentlichkeit-bisher-bekannt.jpg\" alt=\"Iris Klein: Unter diesem Namen war sie der \u00d6ffentlichkeit bisher bekannt.\" title=\"Iris Klein: Unter diesem Namen war sie der \u00d6ffentlichkeit bisher bekannt.\" width=\"1802\" height=\"1013\" class=\"bg-[url:var(--lqipURL)] bg-cover bg-center flex h-full w-full max-w-full\" decoding=\"async\"\/><img style=\"--width:32;--height:32\" loading=\"lazy\" src=\"https:\/\/www.t-online.de\/s\/paper\/_next\/static\/media\/zoom-in.f7dae02f.svg\" alt=\"Vergr\u00f6\u00dfern des Bildes\" title=\"Vergr\u00f6\u00dfern des Bildes\" class=\"block h-[calc(var(--height)_\/_16_*_1rem)] w-[calc(var(--width)_\/_16_*_1rem)] max-w-none absolute bottom-8 right-8 rounded-4 bg-snow p-8\" decoding=\"async\"\/><\/a><\/p>\n<p>Iris Klein: Unter diesem Namen war sie der \u00d6ffentlichkeit bisher bekannt. (Quelle: IMAGO\/STAR-MEDIA)<\/p>\n<p class=\"font-bold text-18 leading-17\">Nach dem Ende ihrer Ehe mit Peter Klein wollte sie einen Schlussstrich ziehen \u2013 auch namentlich. Jetzt hat Daniela Katzenbergers Mutter den Nachnamen ihres Ex-Mannes abgelegt.<\/p>\n<p class=\"text-18 leading-17\">Sie tr\u00e4gt wieder ihren alten Namen. Aus <a class=\"transition-colors duration-200 cursor-pointer text-inherit no-underline text-salemsfur md:hover:text-magenta md:hover:border-magenta md:focus:text-magenta border-current border-b border-solid break-words\" href=\"https:\/\/www.t-online.de\/themen\/iris-klein\/\" data-sctrack=\"BodyAnchor\" rel=\"nofollow noopener\" target=\"_blank\">Iris Klein<\/a> wurde Iris Katzenberger. In einer Instagram-Story ver\u00f6ffentlichte die 58-J\u00e4hrige ein Foto ihres neuen Personalausweises \u2013 mit Ausstellungsdatum 24. Oktober. Damit ist klar: Die Namens\u00e4nderung ist offiziell.<\/p>\n<p class=\"text-18 leading-17\">Der fr\u00fchere Nachname stammte von ihrem Ex-Mann <a class=\"transition-colors duration-200 cursor-pointer text-inherit no-underline text-salemsfur md:hover:text-magenta md:hover:border-magenta md:focus:text-magenta border-current border-b border-solid break-words\" href=\"https:\/\/www.t-online.de\/themen\/peter-klein\/\" data-sctrack=\"BodyAnchor\" rel=\"nofollow noopener\" target=\"_blank\">Peter Klein<\/a>, von dem sie seit Anfang 2023 getrennt und seit November 2024 geschieden ist. Die Mutter von <a class=\"transition-colors duration-200 cursor-pointer text-inherit no-underline text-salemsfur md:hover:text-magenta md:hover:border-magenta md:focus:text-magenta border-current border-b border-solid break-words\" href=\"https:\/\/www.t-online.de\/themen\/daniela-katzenberger\/\" data-sctrack=\"BodyAnchor\" rel=\"nofollow noopener\" target=\"_blank\">Daniela Katzenberger<\/a> bedankte sich nach der Namens\u00e4nderung auf Instagram f\u00fcr die Gl\u00fcckw\u00fcnsche &#8222;zu meinem neuen\/alten Namen&#8220;. Sie betonte zudem: &#8222;Auch meine Familie freut sich sehr.&#8220; Dem f\u00fcgte sie an: &#8222;K\u00e4mpfen lohnt sich immer.&#8220;<\/p>\n<p class=\"text-18 leading-17\">Der Weg zur Namens\u00e4nderung war offenbar kompliziert. Diesbez\u00fcglich hatte sie im Sommer zu RTL gesagt: &#8222;Ich muss so viel beim Standesamt regeln, da gibt es Bestimmungen. Du brauchst eine Geburtsurkunde, Auszug aus dem Geburtsregister, du brauchst ein F\u00fchrungszeugnis, Verdienstbescheinigung. Die wollen so viel. Eine Stellungnahme. Und das dauert so lange, bis dieser Name endlich durch ist.&#8220;<\/p>\n<p class=\"text-18 leading-17\">F\u00fcr sie stand aber fest: &#8222;Ich will den Namen Katzenberger wieder annehmen und da muss ich wirklich k\u00e4mpfen.&#8220; Doch warum hat Iris Katzenberger nicht ihren Geburtsnamen Kruschwitz ausgew\u00e4hlt, sondern jenen ihres ersten Mannes? &#8222;Ich habe zwei Kinder, die Katzenberger hei\u00dfen. Ich habe zwei Enkel, die Katzenberger hei\u00dfen. Es gibt noch mehrere Familienmitglieder und da f\u00fchle ich mich einfach verbunden&#8220;, erkl\u00e4rte sie im Juli ihre Beweggr\u00fcnde.<\/p>\n<p class=\"text-18 leading-17\">Jetzt ist Katzenbergers Namens\u00e4nderung jedenfalls durch. Blo\u00df auf Instagram hei\u00dft sie noch iris_klein_mama. Sie habe bereits einen Antrag gestellt, doch erkl\u00e4rt: &#8222;Das dauert leider, da ich ja einen originalen blauen Haken habe.&#8220; Weil sie ein Konto mit gro\u00dfer Reichweite hat, m\u00fcsse der &#8222;neue Benutzername vielleicht \u00fcberpr\u00fcft werden&#8220;, ist in einem Screenshot zu lesen, den sie mit ihren Fans teilte.<\/p>\n<p class=\"text-18 leading-17\">Nach dem Beziehungs-Aus mit Peter Klein war Iris Katzenberger mit einem Mann liiert, den sie <a class=\"transition-colors duration-200 cursor-pointer text-inherit no-underline text-salemsfur md:hover:text-magenta md:hover:border-magenta md:focus:text-magenta border-current border-b border-solid break-words\" href=\"https:\/\/www.t-online.de\/themen\/mr-t\/\" data-sctrack=\"BodyAnchor\" rel=\"nofollow noopener\" target=\"_blank\">Mr. T<\/a> nannte und dessen Identit\u00e4t sie nicht \u00f6ffentlich machte. Die Beziehung endete Anfang 2024. Im April desselben Jahres machte Klein ihre neue Partnerschaft mit Stefan Braun \u00f6ffentlich. Vor Peter Klein war Katzenberger in zweiter Ehe mit Andreas Frankhauser verheiratet. Mit ihm hat sie Tochter <a class=\"transition-colors duration-200 cursor-pointer text-inherit no-underline text-salemsfur md:hover:text-magenta md:hover:border-magenta md:focus:text-magenta border-current border-b border-solid break-words\" href=\"https:\/\/www.t-online.de\/themen\/jenny-frankhauser\/\" data-sctrack=\"BodyAnchor\" rel=\"nofollow noopener\" target=\"_blank\">Jenny Frankhauser<\/a>.<\/p>\n","protected":false},"excerpt":{"rendered":"&#8222;K\u00e4mpfen lohnt sich immer&#8220; Diesen Nachnamen tr\u00e4gt Iris Klein jetzt 25.10.2025 &#8211; 15:05 UhrLesedauer: 2 Min. Iris Klein:&hellip;\n","protected":false},"author":2,"featured_media":525949,"comment_status":"","ping_status":"","sticky":false,"template":"","format":"standard","meta":{"footnotes":"","_share_on_mastodon":"0"},"categories":[155],"tags":[522,31119,29,214,30,129649,79004,129648,215],"class_list":["post-525948","post","type-post","status-publish","format-standard","has-post-thumbnail","category-unterhaltung","tag-522","tag-daniela-katzenberger","tag-deutschland","tag-entertainment","tag-germany","tag-iris-katzenberger","tag-iris-klein","tag-peter-klein","tag-unterhaltung"],"share_on_mastodon":{"url":"https:\/\/pubeurope.com\/@de\/115435211879642914","error":""},"_links":{"self":[{"href":"https:\/\/www.europesays.com\/de\/wp-json\/wp\/v2\/posts\/525948","targetHints":{"allow":["GET"]}}],"collection":[{"href":"https:\/\/www.europesays.com\/de\/wp-json\/wp\/v2\/posts"}],"about":[{"href":"https:\/\/www.europesays.com\/de\/wp-json\/wp\/v2\/types\/post"}],"author":[{"embeddable":true,"href":"https:\/\/www.europesays.com\/de\/wp-json\/wp\/v2\/users\/2"}],"replies":[{"embeddable":true,"href":"https:\/\/www.europesays.com\/de\/wp-json\/wp\/v2\/comments?post=525948"}],"version-history":[{"count":0,"href":"https:\/\/www.europesays.com\/de\/wp-json\/wp\/v2\/posts\/525948\/revisions"}],"wp:featuredmedia":[{"embeddable":true,"href":"https:\/\/www.europesays.com\/de\/wp-json\/wp\/v2\/media\/525949"}],"wp:attachment":[{"href":"https:\/\/www.europesays.com\/de\/wp-json\/wp\/v2\/media?parent=525948"}],"wp:term":[{"taxonomy":"category","embeddable":true,"href":"https:\/\/www.europesays.com\/de\/wp-json\/wp\/v2\/categories?post=525948"},{"taxonomy":"post_tag","embeddable":true,"href":"https:\/\/www.europesays.com\/de\/wp-json\/wp\/v2\/tags?post=525948"}],"curies":[{"name":"wp","href":"https:\/\/api.w.org\/{rel}","templated":true}]}}