{"id":52649,"date":"2025-04-22T17:39:08","date_gmt":"2025-04-22T17:39:08","guid":{"rendered":"https:\/\/www.europesays.com\/de\/52649\/"},"modified":"2025-04-22T17:39:08","modified_gmt":"2025-04-22T17:39:08","slug":"victoria-clarholz-sichert-sich-knappen-sieg-gegen-1-fc-gievenbeck","status":"publish","type":"post","link":"https:\/\/www.europesays.com\/de\/52649\/","title":{"rendered":"Victoria Clarholz sichert sich knappen Sieg gegen 1. FC Gievenbeck"},"content":{"rendered":"<p>                                Spielinfos:<br \/>\nDatum &amp; Uhrzeit: 21.04.2025 15.00 Uhr<br \/>Austragungsort: Herzebrock-Clarholz<br \/>Wettbewerb: Oberliga Westfalen<br \/>Spieltag: 32<\/p>\n<p>Spielbericht: Victoria Clarholz gegen 1. FC Gievenbeck 1:0 (0:0)<\/p>\n<p id=\"absatz2\" class=\"em_text\">Herzebrock-Clarholz. Die Teams von Christian Lichte und Steffen B\u00fcchter; Torsten Maas trennen sich am Montag mit einem torarmen 1:0. 444 Zuschauer verfolgen das Spiel im Holzhofstadion.<\/p>\n<p id=\"absatz4\" class=\"em_text\">Die erste Halbzeit sieht keine Tore und die Teams gehen unentschieden in die Pause. Das Spiel vergeht und es will einfach nicht funktionieren. Auch nach dem Seitenwechsel kommen die Teams einfach nicht in die Spur. Und dann, kurz vor Abpfiff, endlich die Rettung f\u00fcr Clarholz. Drei Minuten vor Schluss bringt Rene Michen den Gastgeber in F\u00fchrung (87).<\/p>\n<p id=\"absatz5\" class=\"em_text\">In den letzten Minuten versuchen beide Teams durch Auswechslung nochmal frische Impulse zu setzen. Martin Aciz kommt rein f\u00fcr Sergio Gucciardo und Lazar Kahraman f\u00fcr Rene Michen. Auf der Gastseite springen Nils Heubrock f\u00fcr Jonas Tepper und Tom Langenkamp f\u00fcr Gentrit Muja ein. Die Bem\u00fchungen bleiben jedoch vergeblich.<\/p>\n<p id=\"absatz6\" class=\"em_text\">Es soll bei dem einen Tor bleiben. Der Victoria Clarholz kann mit dem Ergebnis zufrieden sein.<\/p>\n<p id=\"absatz7\" class=\"em_text\">Die Gievenbecker rutschten auf Platz elf ab.<\/p>\n<p>Die Aufstellungen: Victoria Clarholz &#8211; 1. FC Gievenbeck<br \/>\nVictoria Clarholz: Julian Linnemann (6), Steffen Br\u00fcck (4), Sergio Gucciardo (10), Nils Hahne (1), Philpp Lamkemeyer (22), Rene Michen (26), Linus Kahraman (5), Can Yilmaz (77), Janis B\u00fcscher (14), Arian Papenfort (18), Samy Benmbarek (17)<\/p>\n<p id=\"absatz8\" class=\"em_text\">FC Gievenbeck: Nico Eschhaus (1), Yoost Diezemann (37), Louis Elias Martin (7), Jonas Tepper (2), Julian Conze (27), Leo Scheipers (3), Benedikt Hubert Wilhelm Fallbrock (42), Niklas Beil (12), Philip R\u00f6he (4), Sven R\u00fcschenschmidt-Sickmann (6), Gentrit Muja (34)<\/p>\n<p id=\"absatz9\" class=\"em_text\">Schiedsrichter: Luca Maurer<\/p>\n<p id=\"absatz10\" class=\"em_text\">Assistent: Simon Real<\/p>\n<p id=\"absatz11\" class=\"em_text\">Assistent: Melich Moumin<\/p>\n<p id=\"absatz12\" class=\"em_text\" style=\"font-size: .8em;\">Die Inhalte dieses Berichts wurden automatisch auf der Basis von DFB-Daten zusammengestellt.<\/p>\n","protected":false},"excerpt":{"rendered":"Spielinfos: Datum &amp; Uhrzeit: 21.04.2025 15.00 UhrAustragungsort: Herzebrock-ClarholzWettbewerb: Oberliga WestfalenSpieltag: 32 Spielbericht: Victoria Clarholz gegen 1. FC Gievenbeck&hellip;\n","protected":false},"author":2,"featured_media":52650,"comment_status":"","ping_status":"","sticky":false,"template":"","format":"standard","meta":{"footnotes":""},"categories":[1843],"tags":[17783,25093,23755,3364,29,5282,30,17786,25094,25088,734,7774,1613,8970,1209,12006,25090,25089,17712,7773,7765,25092,25091,8404],"class_list":{"0":"post-52649","1":"post","2":"type-post","3":"status-publish","4":"format-standard","5":"has-post-thumbnail","7":"category-muenster","8":"tag-1-fc-gievenbeck","9":"tag-christian-lichte","10":"tag-clarholz","11":"tag-de","12":"tag-deutschland","13":"tag-fuball","14":"tag-germany","15":"tag-gievenbeck","16":"tag-herzebrock-clarholz","17":"tag-jonas-tepper","18":"tag-meta_artikelklasse_nachricht","19":"tag-meta_themen_sport","20":"tag-meta_userneeds_informieremich","21":"tag-muenster","22":"tag-nordrhein-westfalen","23":"tag-oberliga","24":"tag-rene-michen","25":"tag-sergio-gucciardo","26":"tag-serie_ligaid_210198","27":"tag-serie_ligaid_all","28":"tag-spielinfo","29":"tag-steffen-bchter","30":"tag-torsten-maas","31":"tag-westfalen"},"share_on_mastodon":{"url":"https:\/\/pubeurope.com\/@de\/114382842315772302","error":""},"_links":{"self":[{"href":"https:\/\/www.europesays.com\/de\/wp-json\/wp\/v2\/posts\/52649","targetHints":{"allow":["GET"]}}],"collection":[{"href":"https:\/\/www.europesays.com\/de\/wp-json\/wp\/v2\/posts"}],"about":[{"href":"https:\/\/www.europesays.com\/de\/wp-json\/wp\/v2\/types\/post"}],"author":[{"embeddable":true,"href":"https:\/\/www.europesays.com\/de\/wp-json\/wp\/v2\/users\/2"}],"replies":[{"embeddable":true,"href":"https:\/\/www.europesays.com\/de\/wp-json\/wp\/v2\/comments?post=52649"}],"version-history":[{"count":0,"href":"https:\/\/www.europesays.com\/de\/wp-json\/wp\/v2\/posts\/52649\/revisions"}],"wp:featuredmedia":[{"embeddable":true,"href":"https:\/\/www.europesays.com\/de\/wp-json\/wp\/v2\/media\/52650"}],"wp:attachment":[{"href":"https:\/\/www.europesays.com\/de\/wp-json\/wp\/v2\/media?parent=52649"}],"wp:term":[{"taxonomy":"category","embeddable":true,"href":"https:\/\/www.europesays.com\/de\/wp-json\/wp\/v2\/categories?post=52649"},{"taxonomy":"post_tag","embeddable":true,"href":"https:\/\/www.europesays.com\/de\/wp-json\/wp\/v2\/tags?post=52649"}],"curies":[{"name":"wp","href":"https:\/\/api.w.org\/{rel}","templated":true}]}}