{"id":526621,"date":"2025-10-25T20:57:12","date_gmt":"2025-10-25T20:57:12","guid":{"rendered":"https:\/\/www.europesays.com\/de\/526621\/"},"modified":"2025-10-25T20:57:12","modified_gmt":"2025-10-25T20:57:12","slug":"timo-huebers-schwer-verletzt-koeln-abwehrchef-kommt-vom-rasen-direkt-ins-krankenhaus","status":"publish","type":"post","link":"https:\/\/www.europesays.com\/de\/526621\/","title":{"rendered":"Timo H\u00fcbers schwer verletzt: K\u00f6ln-Abwehrchef kommt vom Rasen direkt ins Krankenhaus"},"content":{"rendered":"<p>                    Schock, Sorge und Tr\u00e4nen<br \/>\n                K\u00f6lns Abwehrchef kommt vom Rasen direkt ins Krankenhaus<\/p>\n<p>\t\t\t\t              25.10.2025, 22:49 Uhr<\/p>\n<p><strong>Die genaue Diagnose mag noch ausstehen, Illusionen aber gibt sich der 1. FC K\u00f6ln nicht hin. Abwehrchef Timo H\u00fcbers f\u00fcr lange Zeit fehlen. Seine Verletzung im Spiel bei Borussia Dortmund schockt Teamkollegen, Trainer und Zuschauer. Kurz danach geht es f\u00fcr ihn in die Klinik.<\/strong><\/p>\n<p>Abwehrchef Timo H\u00fcbers hat im Ausw\u00e4rtsspiel des 1. FC K\u00f6ln bei Borussia Dortmund eine mutma\u00dflich schwere Knieverletzung erlitten. Nach einem Zweikampf mit BVB-St\u00fcrmer Serhou Guirassy in der Schlussphase blieb der 29-J\u00e4hrige mit Schmerzen liegen &#8211; offenbar hatte er sich das Knie verdreht. Einige K\u00f6lner Profis schlugen umgehend die H\u00e4nde \u00fcber den K\u00f6pfen zusammen.<\/p>\n<p>H\u00fcbers wurde minutenlang behandelt und schlie\u00dflich auf einer Trage vom Feld gebracht. Der Innenverteidiger griff sich mit schmerzverzerrtem Gesicht immer wieder an den Kopf. Beide Fanlager applaudierten. &#8222;Wir hoffen, es ist nicht so schlimm, wie es aussah&#8220;, schrieb der FC bei X.<\/p>\n<p>Nach Spielschluss wurde H\u00fcbers nach K\u00f6ln gebracht, er wird die Nacht im Krankenhaus verbringen und am Montag untersucht werden. &#8222;Wir haben noch keine Diagnose, aber vermuten eine schwere Knieverletzung und gehen davon aus, dass er uns lange fehlen wird&#8220;, sagte Sportdirektor Thomas Kessler.<\/p>\n<p>Torh\u00fcter Schw\u00e4be spricht von einem Abend zum Vergessen<\/p>\n<p>&#8222;Ich habe ihn kurz gesehen, er hat geweint, hat Schmerzen. Es geht ihm einfach miserabel. Uns geht&#8217;s schlecht, aber es geht nicht um uns, sondern um ihn. Wir hoffen, dass es einigerma\u00dfen glimpflich ausgeht, aber es sieht sehr, sehr bescheiden aus&#8220;, sagte Trainer Lukas Kwasniok. Er prognostizierte, dass H\u00fcbers &#8222;Monate ausfallen&#8220; werde.<\/p>\n<p> <strong class=\"article__aside__title\">Die Bundesliga auf RTL+<\/strong> <\/p>\n<p><b>Borussia Dortmund &#8211; 1. FC K\u00f6ln <\/b><\/p>\n<p><a href=\"https:\/\/plus.rtl.de\/video-tv\/shows\/bundesliga-1031036\/8-spieltag-25-26-1031045\/episode-7-25-26-short-borussia-dortmund-vs-1-fc-koeln-1031365?utm_campaign=textlink&amp;utm_source=ntv&amp;utm_medium=owned&amp;utm_content=article&amp;utm_term=bundesliga\" target=\"_blank\" rel=\"Follow nofollow noopener\">Highlights kurz<\/a> und <a href=\"https:\/\/plus.rtl.de\/video-tv\/shows\/bundesliga-1031036\/8-spieltag-25-26-1031045\/episode-16-25-26-highlights-borussia-dortmund-vs-1-fc-koeln-1031366?utm_campaign=textlink&amp;utm_source=ntv&amp;utm_medium=owned&amp;utm_content=article&amp;utm_term=bundesliga\" target=\"_blank\" rel=\"Follow nofollow noopener\">Highlights lang<\/a><\/p>\n<p><b>Borussia M\u00f6nchengladbach &#8211; FC Bayern<\/b><\/p>\n<p><a href=\"https:\/\/plus.rtl.de\/video-tv\/shows\/bundesliga-1031036\/8-spieltag-25-26-1031045\/episode-6-25-26-short-borussia-moenchengladbach-vs-fc-bayern-muenchen-1031363?utm_campaign=textlink&amp;utm_source=ntv&amp;utm_medium=owned&amp;utm_content=article&amp;utm_term=bundesliga\" target=\"_blank\" rel=\"Follow nofollow noopener\">Highlights kurz<\/a> und <a href=\"https:\/\/plus.rtl.de\/video-tv\/shows\/bundesliga-1031036\/8-spieltag-25-26-1031045\/episode-7-25-26-short-borussia-dortmund-vs-1-fc-koeln-1031365?utm_campaign=textlink&amp;utm_source=ntv&amp;utm_medium=owned&amp;utm_content=article&amp;utm_term=bundesliga\" target=\"_blank\" rel=\"Follow nofollow noopener\">Highlights lang<\/a><\/p>\n<p><b>TSG Hoffenheim &#8211; 1. FC Heidenheim<\/b><\/p>\n<p><a href=\"https:\/\/plus.rtl.de\/video-tv\/shows\/bundesliga-1031036\/8-spieltag-25-26-1031045\/episode-2-25-26-short-tsg-hoffenheim-vs-1-fc-heidenheim-1031355?utm_campaign=textlink&amp;utm_source=ntv&amp;utm_medium=owned&amp;utm_content=article&amp;utm_term=bundesliga\" target=\"_blank\" rel=\"Follow nofollow noopener\">Highlights kurz<\/a> und <a href=\"https:\/\/plus.rtl.de\/video-tv\/shows\/bundesliga-1031036\/8-spieltag-25-26-1031045\/episode-11-25-26-highlights-tsg-hoffenheim-vs-1-fc-heidenheim-1031356?utm_campaign=textlink&amp;utm_source=ntv&amp;utm_medium=owned&amp;utm_content=article&amp;utm_term=bundesliga\" target=\"_blank\" rel=\"Follow nofollow noopener\">Highlights lang<\/a><\/p>\n<p><b>Eintracht Frankfurt &#8211; FC St. Pauli<\/b><\/p>\n<p><a href=\"https:\/\/plus.rtl.de\/video-tv\/shows\/bundesliga-1031036\/8-spieltag-25-26-1031045\/episode-3-25-26-short-eintracht-frankfurt-vs-fc-st-pauli-1031357?utm_campaign=textlink&amp;utm_source=ntv&amp;utm_medium=owned&amp;utm_content=article&amp;utm_term=bundesliga\" target=\"_blank\" rel=\"Follow nofollow noopener\">Highlights kurz<\/a> und <a href=\"https:\/\/plus.rtl.de\/video-tv\/shows\/bundesliga-1031036\/8-spieltag-25-26-1031045\/episode-12-25-26-highlights-eintracht-frankfurt-vs-fc-st-pauli-1031358?utm_campaign=textlink&amp;utm_source=ntv&amp;utm_medium=owned&amp;utm_content=article&amp;utm_term=bundesliga\" target=\"_blank\" rel=\"Follow nofollow noopener\">Highlights lang<\/a><\/p>\n<p><b>FC Augsburg &#8211; Rasenballsport Leipzig<\/b><\/p>\n<p><a href=\"https:\/\/plus.rtl.de\/video-tv\/shows\/bundesliga-1031036\/8-spieltag-25-26-1031045\/episode-4-25-26-short-fc-augsburg-vs-rb-leipzig-1031359?utm_campaign=textlink&amp;utm_source=ntv&amp;utm_medium=owned&amp;utm_content=article&amp;utm_term=bundesliga\" target=\"_blank\" rel=\"Follow nofollow noopener\">Highlights kurz<\/a> und <a href=\"https:\/\/plus.rtl.de\/video-tv\/shows\/bundesliga-1031036\/8-spieltag-25-26-1031045\/episode-13-25-26-highlights-fc-augsburg-vs-rb-leipzig-1031360?utm_campaign=textlink&amp;utm_source=ntv&amp;utm_medium=owned&amp;utm_content=article&amp;utm_term=bundesliga\" target=\"_blank\" rel=\"Follow nofollow noopener\">Highlights lang<\/a><\/p>\n<p><b>Hamburger SV &#8211; VfL Wolfsburg<\/b><\/p>\n<p><a href=\"https:\/\/plus.rtl.de\/video-tv\/shows\/bundesliga-1031036\/8-spieltag-25-26-1031045\/episode-5-25-26-short-hamburger-sv-vs-vfl-wolfsburg-1031361?utm_campaign=textlink&amp;utm_source=ntv&amp;utm_medium=owned&amp;utm_content=article&amp;utm_term=bundesliga\" target=\"_blank\" rel=\"Follow nofollow noopener\">Highlights kurz<\/a> und <a href=\"https:\/\/plus.rtl.de\/video-tv\/shows\/bundesliga-1031036\/8-spieltag-25-26-1031045\/episode-14-25-26-highlights-hamburger-sv-vs-vfl-wolfsburg-1031362?utm_campaign=textlink&amp;utm_source=ntv&amp;utm_medium=owned&amp;utm_content=article&amp;utm_term=bundesliga\" target=\"_blank\" rel=\"Follow nofollow noopener\">Highlights lang<\/a><\/p>\n<p><b>SV Werder Bremen &#8211; 1. FC Union Berlin<\/b><\/p>\n<p><a href=\"https:\/\/plus.rtl.de\/video-tv\/shows\/bundesliga-1031036\/8-spieltag-25-26-1031045\/episode-1-25-26-short-werder-bremen-vs-1-fc-union-berlin-1031353?utm_campaign=textlink&amp;utm_source=ntv&amp;utm_medium=owned&amp;utm_content=article&amp;utm_term=bundesliga\" target=\"_blank\" rel=\"Follow nofollow noopener\">Highlights kurz<\/a> und <a href=\"https:\/\/plus.rtl.de\/video-tv\/shows\/bundesliga-1031036\/8-spieltag-25-26-1031045\/episode-10-25-26-highlights-werder-bremen-vs-1-fc-union-berlin-1031354?utm_campaign=textlink&amp;utm_source=ntv&amp;utm_medium=owned&amp;utm_content=article&amp;utm_term=bundesliga\" target=\"_blank\" rel=\"Follow nofollow noopener\">Highlights lang<\/a><\/p>\n<p>Der Schock sa\u00df auch bei den K\u00f6lnern Spielern tief. Torh\u00fcter Marvin Schw\u00e4be sprach von einem &#8222;rundum beschissenen Abend&#8220; und sagte: &#8222;Einen Mitspieler so leiden zu sehen und zu wissen, dass es nicht gut aussieht, will man nicht.&#8220; Eric Martel stand bei der Aktion neben H\u00fcbers und wollte gar nicht genau hinschauen zum betroffenen Knie: &#8222;Es hat ziemlich \u00fcbel ausgeschaut. Ich glaube, da ist ein bisschen mehr kaputt gegangen.&#8220;<\/p>\n<p>Da Kwasniok das Wechselkontingent bereits ersch\u00f6pft hatte, musste der FC die Schlussminuten in Unterzahl absolvieren. Kurz vor Spielende erzielte Maximilian Beier (90.+6) den 1:0-Siegtreffer f\u00fcr die Gastgeber.<\/p>\n","protected":false},"excerpt":{"rendered":"Schock, Sorge und Tr\u00e4nen K\u00f6lns Abwehrchef kommt vom Rasen direkt ins Krankenhaus 25.10.2025, 22:49 Uhr Die genaue Diagnose&hellip;\n","protected":false},"author":2,"featured_media":526622,"comment_status":"","ping_status":"","sticky":false,"template":"","format":"standard","meta":{"footnotes":""},"categories":[1828],"tags":[623,29,347,485,30,1420,1209],"class_list":{"0":"post-526621","1":"post","2":"type-post","3":"status-publish","4":"format-standard","5":"has-post-thumbnail","7":"category-koeln","8":"tag-1-fc-koeln","9":"tag-deutschland","10":"tag-fussball","11":"tag-fussball-bundesliga","12":"tag-germany","13":"tag-koeln","14":"tag-nordrhein-westfalen"},"share_on_mastodon":{"url":"https:\/\/pubeurope.com\/@de\/115436810839879599","error":""},"_links":{"self":[{"href":"https:\/\/www.europesays.com\/de\/wp-json\/wp\/v2\/posts\/526621","targetHints":{"allow":["GET"]}}],"collection":[{"href":"https:\/\/www.europesays.com\/de\/wp-json\/wp\/v2\/posts"}],"about":[{"href":"https:\/\/www.europesays.com\/de\/wp-json\/wp\/v2\/types\/post"}],"author":[{"embeddable":true,"href":"https:\/\/www.europesays.com\/de\/wp-json\/wp\/v2\/users\/2"}],"replies":[{"embeddable":true,"href":"https:\/\/www.europesays.com\/de\/wp-json\/wp\/v2\/comments?post=526621"}],"version-history":[{"count":0,"href":"https:\/\/www.europesays.com\/de\/wp-json\/wp\/v2\/posts\/526621\/revisions"}],"wp:featuredmedia":[{"embeddable":true,"href":"https:\/\/www.europesays.com\/de\/wp-json\/wp\/v2\/media\/526622"}],"wp:attachment":[{"href":"https:\/\/www.europesays.com\/de\/wp-json\/wp\/v2\/media?parent=526621"}],"wp:term":[{"taxonomy":"category","embeddable":true,"href":"https:\/\/www.europesays.com\/de\/wp-json\/wp\/v2\/categories?post=526621"},{"taxonomy":"post_tag","embeddable":true,"href":"https:\/\/www.europesays.com\/de\/wp-json\/wp\/v2\/tags?post=526621"}],"curies":[{"name":"wp","href":"https:\/\/api.w.org\/{rel}","templated":true}]}}