{"id":526816,"date":"2025-10-25T22:53:13","date_gmt":"2025-10-25T22:53:13","guid":{"rendered":"https:\/\/www.europesays.com\/de\/526816\/"},"modified":"2025-10-25T22:53:13","modified_gmt":"2025-10-25T22:53:13","slug":"rettungseinsatz-auto-stuerzt-nach-unfall-in-mittellandkanal-drei-tote","status":"publish","type":"post","link":"https:\/\/www.europesays.com\/de\/526816\/","title":{"rendered":"Rettungseinsatz: Auto st\u00fcrzt nach Unfall in Mittellandkanal &#8211; drei Tote"},"content":{"rendered":"<p>        Rettungseinsatz<br \/>\n      Auto st\u00fcrzt nach Unfall in Mittellandkanal &#8211; drei Tote<\/p>\n<p>            Kopiere den aktuellen Link<\/p>\n<p>          Zur Merkliste hinzuf\u00fcgen<\/p>\n<p>Drei Tote, zwei Schwerverletzte, ein Auto im Kanal &#8211; so lautet die Bilanz des schweren Unfalls auf der B4 bei Braunschweig. Inzwischen sind Details zum Unfallhergang bekannt.<\/p>\n<p class=\"typo-body-sc-md is-initial\">Bei einem schweren Unfall bei Braunschweig ist ein <a class=\"taxonomy-entity keyword\" data-target-type=\"article\" href=\"https:\/\/www.stern.de\/auto\/\" rel=\"nofollow noopener\" target=\"_blank\">Auto<\/a> von einer Br\u00fccke in den Mittellandkanal gest\u00fcrzt &#8211; drei Menschen kamen dabei ums Leben. Zwei weitere wurden schwer beziehungsweise lebensgef\u00e4hrlich verletzt, wie die Polizei auf Anfrage der Deutschen Presse-Agentur mitteilte.\u00a0<\/p>\n<p class=\"typo-body-sc-md\">Laut <a class=\"taxonomy-entity organization\" data-target-type=\"article\" href=\"https:\/\/www.stern.de\/panorama\/verbrechen\/themen\/polizei-4541324.html\" rel=\"nofollow noopener\" target=\"_blank\">Polizei<\/a> waren die drei Toten Insassen eines Autos, das zuvor mit \u00fcberh\u00f6hter Geschwindigkeit mehrere Autos rechts \u00fcberholte und touchierte. Anschlie\u00dfend krachte der Wagen in die Leitplanke und geriet in den Gegenverkehr, wo er frontal mit einem schwarzen Pkw zusammenstie\u00df, das Br\u00fcckengel\u00e4nder durchschlug und in den Kanal st\u00fcrzte. Die drei Insassen des Autos starben noch an der Unfallstelle.<\/p>\n<p class=\"typo-body-sc-md\">Fahrer entzog sich wenige Minuten vorher einer Polizeikontrolle<\/p>\n<p class=\"typo-body-sc-md\">Die beiden Personen aus dem Fahrzeug, mit dem der Unfallwagen frontal zusammenstie\u00df, wurden verletzt: eine schwer, die andere lebensgef\u00e4hrlich. Letztere kam per Rettungshubschrauber ins Krankenhaus. N\u00e4here Angaben zur Identit\u00e4t der Opfer machte die Polizei zun\u00e4chst nicht. Insgesamt waren laut Polizei f\u00fcnf Fahrzeuge an dem <a class=\"taxonomy-entity keyword\" data-target-type=\"article\" href=\"https:\/\/www.stern.de\/panorama\/themen\/unfall-4173754.html\" rel=\"nofollow noopener\" target=\"_blank\">Unfall<\/a> beteiligt.<\/p>\n<p class=\"typo-body-sc-md\">Wie die Polizei sp\u00e4ter mitteilte, entzog sich der Unfallfahrer wenige Minuten vor dem Ungl\u00fcck einer Polizeikontrolle. Demnach gaben Beamte dem <a class=\"taxonomy-entity keyword\" data-target-type=\"article\" href=\"https:\/\/www.stern.de\/panorama\/themen\/fahrzeug-6888346.html\" rel=\"nofollow noopener\" target=\"_blank\">Fahrzeug<\/a> auf der A2 ein Haltesignal, dem der Fahrer aber nicht Folge leistete. Daraufhin geriet das Fahrzeug au\u00dfer Sichtweite.\u00a0<\/p>\n<p class=\"typo-body-sc-md\">Ob die Polizei die Verfolgung aufnahm, blieb zun\u00e4chst unklar. Nur etwa zehn Minuten sp\u00e4ter erreichten die Polizei nach eigenen Abgaben mehrere Notrufe wegen des schweren Unfalls. Auf Bildern von der Unfallstelle war ein v\u00f6llig zerst\u00f6rter schwarzer Pkw zu sehen. Das Dach des Wagens ist gr\u00f6\u00dftenteils abgerissen.<\/p>\n<p class=\"typo-body-sc-md\">Unfallwagen am Abend aus dem Kanal geborgen<\/p>\n<p class=\"typo-body-sc-md\">Am sp\u00e4ten Abend wurde das Auto aus dem <a class=\"taxonomy-entity place\" data-target-type=\"article\" href=\"https:\/\/www.stern.de\/wirtschaft\/news\/themen\/mittellandkanal-4154290.html\" rel=\"nofollow noopener\" target=\"_blank\">Mittellandkanal<\/a> geborgen, auf dem der Schiffsverkehr zeitweise eingestellt worden war. F\u00fcr die Bergung war ein Spezialschiff aus Hannover geholt worden.\u00a0<\/p>\n<p class=\"typo-body-sc-md\">Die Bundesstra\u00dfe 4 war im Bereich Mittellandkanal und dem Ende der Autobahn 391 zeitweise voll gesperrt, teilte die Polizei mit.<\/p>\n<p>\n    dpa\n  <\/p>\n","protected":false},"excerpt":{"rendered":"Rettungseinsatz Auto st\u00fcrzt nach Unfall in Mittellandkanal &#8211; drei Tote Kopiere den aktuellen Link Zur Merkliste hinzuf\u00fcgen Drei&hellip;\n","protected":false},"author":2,"featured_media":526817,"comment_status":"","ping_status":"","sticky":false,"template":"","format":"standard","meta":{"footnotes":""},"categories":[1850],"tags":[6429,3364,29,548,663,3934,30,13,14,15,1411,12],"class_list":{"0":"post-526816","1":"post","2":"type-post","3":"status-publish","4":"format-standard","5":"has-post-thumbnail","7":"category-braunschweig","8":"tag-braunschweig","9":"tag-de","10":"tag-deutschland","11":"tag-eu","12":"tag-europa","13":"tag-europe","14":"tag-germany","15":"tag-headlines","16":"tag-nachrichten","17":"tag-news","18":"tag-niedersachsen","19":"tag-schlagzeilen"},"share_on_mastodon":{"url":"https:\/\/pubeurope.com\/@de\/115437266785708829","error":""},"_links":{"self":[{"href":"https:\/\/www.europesays.com\/de\/wp-json\/wp\/v2\/posts\/526816","targetHints":{"allow":["GET"]}}],"collection":[{"href":"https:\/\/www.europesays.com\/de\/wp-json\/wp\/v2\/posts"}],"about":[{"href":"https:\/\/www.europesays.com\/de\/wp-json\/wp\/v2\/types\/post"}],"author":[{"embeddable":true,"href":"https:\/\/www.europesays.com\/de\/wp-json\/wp\/v2\/users\/2"}],"replies":[{"embeddable":true,"href":"https:\/\/www.europesays.com\/de\/wp-json\/wp\/v2\/comments?post=526816"}],"version-history":[{"count":0,"href":"https:\/\/www.europesays.com\/de\/wp-json\/wp\/v2\/posts\/526816\/revisions"}],"wp:featuredmedia":[{"embeddable":true,"href":"https:\/\/www.europesays.com\/de\/wp-json\/wp\/v2\/media\/526817"}],"wp:attachment":[{"href":"https:\/\/www.europesays.com\/de\/wp-json\/wp\/v2\/media?parent=526816"}],"wp:term":[{"taxonomy":"category","embeddable":true,"href":"https:\/\/www.europesays.com\/de\/wp-json\/wp\/v2\/categories?post=526816"},{"taxonomy":"post_tag","embeddable":true,"href":"https:\/\/www.europesays.com\/de\/wp-json\/wp\/v2\/tags?post=526816"}],"curies":[{"name":"wp","href":"https:\/\/api.w.org\/{rel}","templated":true}]}}