{"id":526926,"date":"2025-10-25T23:58:12","date_gmt":"2025-10-25T23:58:12","guid":{"rendered":"https:\/\/www.europesays.com\/de\/526926\/"},"modified":"2025-10-25T23:58:12","modified_gmt":"2025-10-25T23:58:12","slug":"louvre-verlegt-nach-einbruch-schmuckstuecke","status":"publish","type":"post","link":"https:\/\/www.europesays.com\/de\/526926\/","title":{"rendered":"Louvre verlegt nach Einbruch Schmuckst\u00fccke"},"content":{"rendered":"<p class=\"text_ohne_einzug richtext text-em-55 !leading-serif mx-6 desktop:mx-0\">Der Pariser Louvre hat einem Medienbericht zufolge einige seiner wertvollsten Juwelen in die franz\u00f6sische Zentralbank verlegt. Die St\u00fccke aus der Apollo-Galerie, in der die franz\u00f6sischen Kronjuwelen untergebracht sind, seien am Freitag unter geheimem Polizeischutz in die Bank gebracht worden, berichtete der franz\u00f6sische Radiosender <a href=\"https:\/\/rp-online.de\/thema\/rtl\/\" target=\"_blank\" rel=\"noopener\">RTL<\/a> unter Berufung auf nicht genannte Quellen. Der Raub hatte die Sicherheitsvorkehrungen des weltber\u00fchmten Museums infrage gestellt. Stellungnahmen des Louvre und der Banque de France lagen zun\u00e4chst nicht vor.<\/p>\n","protected":false},"excerpt":{"rendered":"Der Pariser Louvre hat einem Medienbericht zufolge einige seiner wertvollsten Juwelen in die franz\u00f6sische Zentralbank verlegt. Die St\u00fccke&hellip;\n","protected":false},"author":2,"featured_media":526927,"comment_status":"","ping_status":"","sticky":false,"template":"","format":"standard","meta":{"footnotes":""},"categories":[1775],"tags":[1793,129767,5001,29,2819,214,48860,30,87882,18212,1794,26165,129766,2264,118811,215,28054,129768],"class_list":{"0":"post-526926","1":"post","2":"type-post","3":"status-publish","4":"format-standard","5":"has-post-thumbnail","7":"category-kunst-und-design","8":"tag-art-and-design","9":"tag-aufsehenerregenden","10":"tag-bericht","11":"tag-deutschland","12":"tag-einbruch","13":"tag-entertainment","14":"tag-franzoesische","15":"tag-germany","16":"tag-juwelen","17":"tag-kronjuwelen","18":"tag-kunst-und-design","19":"tag-louvre","20":"tag-medienbericht","21":"tag-museum","22":"tag-pariser","23":"tag-unterhaltung","24":"tag-verlegt","25":"tag-wertvollsten"},"share_on_mastodon":{"url":"https:\/\/pubeurope.com\/@de\/115437522383035319","error":""},"_links":{"self":[{"href":"https:\/\/www.europesays.com\/de\/wp-json\/wp\/v2\/posts\/526926","targetHints":{"allow":["GET"]}}],"collection":[{"href":"https:\/\/www.europesays.com\/de\/wp-json\/wp\/v2\/posts"}],"about":[{"href":"https:\/\/www.europesays.com\/de\/wp-json\/wp\/v2\/types\/post"}],"author":[{"embeddable":true,"href":"https:\/\/www.europesays.com\/de\/wp-json\/wp\/v2\/users\/2"}],"replies":[{"embeddable":true,"href":"https:\/\/www.europesays.com\/de\/wp-json\/wp\/v2\/comments?post=526926"}],"version-history":[{"count":0,"href":"https:\/\/www.europesays.com\/de\/wp-json\/wp\/v2\/posts\/526926\/revisions"}],"wp:featuredmedia":[{"embeddable":true,"href":"https:\/\/www.europesays.com\/de\/wp-json\/wp\/v2\/media\/526927"}],"wp:attachment":[{"href":"https:\/\/www.europesays.com\/de\/wp-json\/wp\/v2\/media?parent=526926"}],"wp:term":[{"taxonomy":"category","embeddable":true,"href":"https:\/\/www.europesays.com\/de\/wp-json\/wp\/v2\/categories?post=526926"},{"taxonomy":"post_tag","embeddable":true,"href":"https:\/\/www.europesays.com\/de\/wp-json\/wp\/v2\/tags?post=526926"}],"curies":[{"name":"wp","href":"https:\/\/api.w.org\/{rel}","templated":true}]}}