{"id":527130,"date":"2025-10-26T02:09:14","date_gmt":"2025-10-26T02:09:14","guid":{"rendered":"https:\/\/www.europesays.com\/de\/527130\/"},"modified":"2025-10-26T02:09:14","modified_gmt":"2025-10-26T02:09:14","slug":"trump-kuendigt-nach-werbespot-zusaetzliche-zoelle-gegen-kanada-an","status":"publish","type":"post","link":"https:\/\/www.europesays.com\/de\/527130\/","title":{"rendered":"Trump k\u00fcndigt nach Werbespot zus\u00e4tzliche Z\u00f6lle gegen Kanada an"},"content":{"rendered":"<p><img src=\"https:\/\/www.europesays.com\/de\/wp-content\/uploads\/2025\/10\/containerschiff-oakland-usa-kanada-zoelle-100~3840x2160\"  alt=\"Ein Schlepper leitet ein Containerschiff im Hafen von Oakland, Kalifornien\" decoding=\"async\" loading=\"eager\"  style=\"object-fit:cover;object-position:center\" fetchpriority=\"high\" class=\"f1mqliu0\"\/><\/p>\n<p class=\"cqlj8pf c1pbsmr2\">Bereits im August waren Z\u00f6lle der USA in H\u00f6he von 35 Prozent auf viele Importe aus Kanada in Kraft getreten.<\/p>\n<p>Quelle: epa<\/p>\n<p class=\"r1nj4qn5 rvqyqzi\">US-Pr\u00e4sident <a data-testid=\"richtext-link\" class=\"b7kurox _nl_\" id=\"4ccafc9e\" href=\"https:\/\/www.zdfheute.de\/thema\/donald-trump-742.html\" rel=\"nofollow noopener\" target=\"_blank\">Donald Trump<\/a> hat zus\u00e4tzliche Z\u00f6lle gegen <a data-testid=\"richtext-link\" class=\"b7kurox _nl_\" id=\"d0abb6b0\" href=\"https:\/\/www.zdfheute.de\/thema\/kanada-142.html\" rel=\"nofollow noopener\" target=\"_blank\">Kanada<\/a> in H\u00f6he von zehn Prozent angek\u00fcndigt. Als Grund nannte der Republikaner auf seiner Online-Plattform Truth Social, dass eine angeblich irref\u00fchrende <a data-testid=\"richtext-link\" class=\"b7kurox _nl_\" id=\"22688ffa\" href=\"https:\/\/www.zdfheute.de\/politik\/ausland\/faktencheck-trump-usa-kanada-handelskrieg-reagan-100.html\" rel=\"nofollow noopener\" target=\"_blank\">kanadische Werbekampagne gegen Z\u00f6lle<\/a> nicht sofort entfernt worden sei. Stattdessen sei sie in der vergangenen Nacht w\u00e4hrend eines Baseball-Spiels der World Series erneut gezeigt worden, schrieb Trump.<\/p>\n<blockquote class=\"bosa0j6\">\n<p class=\"tley63f hhhtovw\">Wegen ihrer gravierenden Falschdarstellung der Fakten und ihres feindlichen Akts erh\u00f6he ich die Z\u00f6lle f\u00fcr Kanada um weitere zehn Prozent im Vergleich zu dem, was sie aktuell zahlen.<\/p>\n<p>\u201e<\/p><\/blockquote>\n<p class=\"abqjgdv m1lnp037\">Donald Trump, US-Pr\u00e4sident<\/p>\n<p class=\"r1nj4qn5 rvqyqzi\">Z\u00f6lle sind eines von Trumps Lieblingsinstrumenten in der Au\u00dfenpolitik, wie er immer wieder betont. Der US-Pr\u00e4sident hatte wegen des kanadischen Werbeclips die Handelsgespr\u00e4che mit dem Nachbarland gestoppt.<\/p>\n<p><img decoding=\"async\" loading=\"lazy\" fetchpriority=\"low\" alt=\" US-Pr\u00e4sident Donald Trump (l) empf\u00e4ngt den kanadischen Premierminister Mark Carney vor ihrem Treffen im Wei\u00dfen Haus.\" class=\"pei0kpe\"\/><\/p>\n<p class=\"c1pbsmr2\">Die USA haben ihre Handelsgespr\u00e4che mit Kanada abgebrochen. Als Grund warf Trump Kanada vor, in einer Kampagne gegen Z\u00f6lle den Ex-Pr\u00e4sidenten Reagan falsch zitiert zu haben.<\/p>\n<p>24.10.2025 | 0:23 min<\/p>\n<p>Supreme Court pr\u00fcft Trumps Zollpolitik<\/p>\n<p class=\"r1nj4qn5 rvqyqzi\">Trump unterstellte erneut, dass Kanada Richter in den <a data-testid=\"richtext-link\" class=\"b7kurox _nl_\" id=\"58e582a2\" href=\"https:\/\/www.zdfheute.de\/thema\/usa-news-100.html\" rel=\"nofollow noopener\" target=\"_blank\">USA<\/a>, die sich mit Z\u00f6llen befassen, beeinflussen wolle. Er bezog sich dabei auf das oberste Gericht in den USA. Der Supreme Court befasst sich derzeit auf Antrag der US-Regierung mit Trumps Zollpolitik. Der US-Pr\u00e4sident erhofft sich R\u00fcckenwind von den Richtern, nachdem er vor niedrigeren Instanzen Niederlagen erlitten hatte.<\/p>\n<p class=\"r1nj4qn5 rvqyqzi\">Trump hatte Anfang April massive Z\u00f6lle gegen Kanada und zahlreiche weitere Handelspartner weltweit verh\u00e4ngt. Obwohl er eine Reihe dieser Aufschl\u00e4ge sp\u00e4ter absenkte, leidet Kanada vor allem unter Z\u00f6llen von 50 Prozent auf Stahl und Aluminium, 25 Prozent f\u00fcr Autos und einem k\u00fcrzlich von Trump verh\u00e4ngten Aufschlag von zehn Prozent auf Holz. Auf Stahl und Aluminium sowie Autos aus den USA hat die Regierung in Ottawa Gegenz\u00f6lle verh\u00e4ngt.<\/p>\n<p><img decoding=\"async\" loading=\"lazy\" fetchpriority=\"low\" alt=\"US-Pr\u00e4sident Trump - Z\u00f6lle\" class=\"pei0kpe\"\/><\/p>\n<p class=\"c1pbsmr2\">Die willk\u00fcrlich wirkenden Z\u00f6lle, die die USA erheben wollen, haben global heftige Reaktionen verursacht. Wie aber antworten? Mit Druck, Verhandlungen und zur Not: eigenen Z\u00f6llen.<\/p>\n<p>04.04.2025 | 2:33 min<\/p>\n<p class=\"r1nj4qn5 rvqyqzi\">Beide Seiten hatten wochenlang \u00fcber eine m\u00f6gliche Einigung verhandelt. Kanadas Premierminister Mark Carney hatte sich am Freitag noch um Schadensbegrenzung bem\u00fcht und erkl\u00e4rt, sein Land sei zur Wiederaufnahme der Gespr\u00e4che bereit.<\/p>\n<p>Ford: Haben unser Ziel erreicht<\/p>\n<p class=\"r1nj4qn5 rvqyqzi\">Am Freitag hatte die kanadische Provinz Ontario nach heftiger Kritik von Trump die Ausstrahlung des Anti-Zoll-Werbeclips ausgesetzt &#8211; jedoch nicht mit sofortiger Wirkung. Der Premierminister von Ontario, Doug Ford, k\u00fcndigte auf der Plattform X an, nach einem Gespr\u00e4ch mit Carney werde Ontario seine Werbekampagne ab Montag aussetzen.<\/p>\n<p class=\"r1nj4qn5 rvqyqzi\">Ford erkl\u00e4rte, das Ziel sei erf\u00fcllt worden, indem das amerikanische Publikum auf h\u00f6chster Ebene erreicht worden sei. Intention sei gewesen, eine Diskussion dar\u00fcber anzusto\u00dfen, welche Folgen Z\u00f6lle auf Arbeitnehmer und Firmen haben.<\/p>\n<p><img decoding=\"async\" loading=\"lazy\" fetchpriority=\"low\" alt=\"Trump verh\u00e4ngt Z\u00f6lle\" class=\"pei0kpe\"\/><\/p>\n<p class=\"c1pbsmr2\">US-Pr\u00e4sident Trump hat mit der Begr\u00fcndung seiner einzelnen Zolls\u00e4tze viel Kritik und auch Spott geerntet. Wir analysieren seine Berechnungen. <\/p>\n<p>03.04.2025 | 1:34 min<\/p>\n<p class=\"r1nj4qn5 rvqyqzi\">Ontario hatte den Beitrag auch in verschiedenen US-Fernsehsendern geschaltet. Darin war zu Bildern von US-Arbeitern und -Familien die Stimme des fr\u00fcheren US-Pr\u00e4sidenten Ronald Reagans zu h\u00f6ren, der vor Z\u00f6llen auf ausl\u00e4ndische Importe warnt. &#8222;Auf lange Sicht schaden solche Handelshindernisse jedem amerikanischen Arbeiter und Verbraucher&#8220;, sagt der fr\u00fchere Pr\u00e4sident von den Republikanern (1981 bis 1989) in dem Spot.<\/p>\n<p>Quelle: dpa, AFP, Reuters<\/p>\n","protected":false},"excerpt":{"rendered":"Bereits im August waren Z\u00f6lle der USA in H\u00f6he von 35 Prozent auf viele Importe aus Kanada in&hellip;\n","protected":false},"author":2,"featured_media":527131,"comment_status":"","ping_status":"","sticky":false,"template":"","format":"standard","meta":{"footnotes":""},"categories":[3977],"tags":[331,332,13,14,15,12,4017,4018,4016,64,4019,4020],"class_list":{"0":"post-527130","1":"post","2":"type-post","3":"status-publish","4":"format-standard","5":"has-post-thumbnail","7":"category-usa","8":"tag-aktuelle-nachrichten","9":"tag-aktuelle-news","10":"tag-headlines","11":"tag-nachrichten","12":"tag-news","13":"tag-schlagzeilen","14":"tag-united-states","15":"tag-united-states-of-america","16":"tag-us","17":"tag-usa","18":"tag-vereinigte-staaten","19":"tag-vereinigte-staaten-von-amerika"},"share_on_mastodon":{"url":"https:\/\/pubeurope.com\/@de\/115438037517748886","error":""},"_links":{"self":[{"href":"https:\/\/www.europesays.com\/de\/wp-json\/wp\/v2\/posts\/527130","targetHints":{"allow":["GET"]}}],"collection":[{"href":"https:\/\/www.europesays.com\/de\/wp-json\/wp\/v2\/posts"}],"about":[{"href":"https:\/\/www.europesays.com\/de\/wp-json\/wp\/v2\/types\/post"}],"author":[{"embeddable":true,"href":"https:\/\/www.europesays.com\/de\/wp-json\/wp\/v2\/users\/2"}],"replies":[{"embeddable":true,"href":"https:\/\/www.europesays.com\/de\/wp-json\/wp\/v2\/comments?post=527130"}],"version-history":[{"count":0,"href":"https:\/\/www.europesays.com\/de\/wp-json\/wp\/v2\/posts\/527130\/revisions"}],"wp:featuredmedia":[{"embeddable":true,"href":"https:\/\/www.europesays.com\/de\/wp-json\/wp\/v2\/media\/527131"}],"wp:attachment":[{"href":"https:\/\/www.europesays.com\/de\/wp-json\/wp\/v2\/media?parent=527130"}],"wp:term":[{"taxonomy":"category","embeddable":true,"href":"https:\/\/www.europesays.com\/de\/wp-json\/wp\/v2\/categories?post=527130"},{"taxonomy":"post_tag","embeddable":true,"href":"https:\/\/www.europesays.com\/de\/wp-json\/wp\/v2\/tags?post=527130"}],"curies":[{"name":"wp","href":"https:\/\/api.w.org\/{rel}","templated":true}]}}