{"id":527473,"date":"2025-10-26T05:44:14","date_gmt":"2025-10-26T05:44:14","guid":{"rendered":"https:\/\/www.europesays.com\/de\/527473\/"},"modified":"2025-10-26T05:44:14","modified_gmt":"2025-10-26T05:44:14","slug":"spanische-royals-zeigen-sich-von-ihrer-lockeren-seite","status":"publish","type":"post","link":"https:\/\/www.europesays.com\/de\/527473\/","title":{"rendered":"Spanische Royals zeigen sich von ihrer lockeren Seite"},"content":{"rendered":"<p>So haben wir sie selten gesehen Spanische Royals zeigen sich von ihrer l\u00e4ssigen Seite <img alt=\"Adel: Die spanische K\u00f6nigsfamilie besucht Valdesoto\\t\" fetchpriority=\"high\" width=\"940\" height=\"529\" decoding=\"async\" data-nimg=\"1\" class=\"Image_image__SdgLQ Picture_image__vGN9W\" style=\"color:transparent\"   src=\"https:\/\/www.europesays.com\/de\/wp-content\/uploads\/2025\/10\/adel-die-spanische-koenigsfamilie-besucht-valdesotot.webp.webp\"\/><\/p>\n<p>Besuch auf dem Land: Spanische Royals setzen auf legere Looks<\/p>\n<p>action press<\/p>\n<p>25. Oktober 2025 um 21:17 Uhr<\/p>\n<p class=\"AnnotatedMarkup_paragraph__IUT9l\"><strong>Lust aufs Land! <br \/>P<\/strong>rinzessin Leonor (19) hat im Norden Spaniens eine Gemeinde mit einer besonderen Auszeichnung geehrt. Bei ihrem Besuch in Valdesto wurde sie von ihrer Familie begleitet. Alle vier Royals setzten dabei auf bequeme Kleidung.<\/p>\n<p>Spanische Royals gehen auf Tuchf\u00fchlung <\/p>\n<p class=\"AnnotatedMarkup_paragraph__IUT9l\">Leonor von Spanien (19) hat an diesem Samstag Valdesoto den \u201ePreis f\u00fcr das vorbildliche Dorf Asturiens 2025\u201d verliehen. Die Auszeichnung bekommt die Gemeinde \u201ef\u00fcr ihr Engagement und ihre gemeinsamen Bem\u00fchungen, alte Traditionen, die von Generation zu Generation weitergegeben werden, lebendig zu halten und zu f\u00f6rdern\u201d, hei\u00dft es in einer Erkl\u00e4rung vom spanischen K\u00f6nigshaus.<\/p>\n<p><img alt=\"Felipe VI. (li.) mit seinen T\u00f6chtern und seine Frau in der Gemeinde Valdesoto.\" fetchpriority=\"auto\" loading=\"lazy\" width=\"940\" height=\"529\" decoding=\"async\" data-nimg=\"1\" class=\"Image_image__SdgLQ Picture_image__vGN9W\" style=\"color:transparent\"   src=\"https:\/\/www.europesays.com\/de\/wp-content\/uploads\/2025\/10\/screenshot-2025-10-25-205004.webp.webp\"\/><\/p>\n<p>Felipe VI. (li.) mit seinen T\u00f6chtern und seine Frau in der Gemeinde Valdesoto.<\/p>\n<p> Imago images\/Europa Press \/ Raul Terrel<\/p>\n<p class=\"AnnotatedMarkup_paragraph__IUT9l\"><strong>Lese-Tipp:<\/strong> <a href=\"https:\/\/www.rtl.de\/unterhaltung\/royals\/charles-iii-ist-fashion-koenig-2025-id6826604.html\" target=\"_self\" rel=\"nofollow noopener\">Charles III. ist Fashion-K\u00f6nig 2025<\/a><\/p>\n<p class=\"AnnotatedMarkup_paragraph__IUT9l\">Leonors Schwester Infantin Sof\u00eda (18), Mutter K\u00f6nigin Letizia (53) und Vater K\u00f6nig Felipe VI. (57) begleiteten die Thronfolgerin am Tag nach der Verleihung der Prinzessin-von-Asturien-Preise in Oviedo bei ihrem Besuch auf dem Land. Die spanischen Royals durften in das l\u00e4ndliche Leben eintauchen. Sie streichelten K\u00fche, sahen bei der Herstellung von Wurstwaren zu oder wurden mit Musik- und Tanzdarbietungen geehrt.<\/p>\n<p class=\"AnnotatedMarkup_paragraph__IUT9l\"><strong>Streaming-Tipp:<\/strong> <a href=\"https:\/\/plus.rtl.de\/themenwelt\/royals?utm_source=rtl&amp;utm_content=6834504&amp;utm_medium=owned&amp;utm_campaign=textlink&amp;utm_term=na\" target=\"_blank\" rel=\"nofollow noopener\">Die faszinierende Welt der Royals \u2013 jetzt auf RTL+ entdecken<\/a><\/p>\n<p>Volksnah im Jeans-Overall<\/p>\n<p class=\"AnnotatedMarkup_paragraph__IUT9l\">F\u00fcr ihren Dorfbesuch w\u00e4hlten die Royals passende Looks, die leger und herbstlich wirkten. Leonor erschien in einem Jeans-Overall mit weitem Bein, zu dem sie eine Wildlederjacke kombinierte. Ihre Schwester setzte auf helle Jeans und eine graue Wolljacke. Letizia trug einen beigefarbenen Trenchcoat zu dunkler Jeans. Ihr Ehemann entschied sich f\u00fcr einen dunklen Komplett-Look mit schwarzer Jacke, dazu kombinierte er ein helles Hemd.<\/p>\n<p>Anzeige:<\/p>\n<p>Empfehlungen unserer Partner<\/p>\n<p>Im Video: Neuer Druck auf Prinz Andrew \u2013 UND auf seine Ex-Frau Sarah Ferguson<\/p>\n<p class=\"AnnotatedMarkup_paragraph__IUT9l\">Wie der TV-Sender RTVE berichtet, lobte Leonor bei ihrem Besuch vor Ort die Gemeinde mit vierzehn Ortschaften und 1.800 Einwohnern f\u00fcr deren \u201eBeispiel f\u00fcr Zusammenleben\u201d und ihre \u201ePflege der Br\u00e4uche\u201d. Es sei sehr sch\u00f6n zu sehen, \u201ewie ihr es geschafft habt, den Kleinsten die Werte und den besten asturischen Geist zu vermitteln\u201d. (abl\/spoton)<\/p>\n","protected":false},"excerpt":{"rendered":"So haben wir sie selten gesehen Spanische Royals zeigen sich von ihrer l\u00e4ssigen Seite Besuch auf dem Land:&hellip;\n","protected":false},"author":2,"featured_media":527474,"comment_status":"","ping_status":"","sticky":false,"template":"","format":"standard","meta":{"footnotes":""},"categories":[1776],"tags":[1801,29,34937,214,30,129827,46998,565,129828,5276,1802,34935,34933,34934,34936,8206,215],"class_list":{"0":"post-527473","1":"post","2":"type-post","3":"status-publish","4":"format-standard","5":"has-post-thumbnail","7":"category-prominente","8":"tag-celebrities","9":"tag-deutschland","10":"tag-ems_unterhaltung_royals","11":"tag-entertainment","12":"tag-germany","13":"tag-koenig-felipe","14":"tag-koenigin-letizia","15":"tag-koenigshaeuser","16":"tag-prinzessin-leonor","17":"tag-promi-news","18":"tag-prominente","19":"tag-royal-baby","20":"tag-royal-news","21":"tag-royal-wedding","22":"tag-royale-hochzeit","23":"tag-royals","24":"tag-unterhaltung"},"share_on_mastodon":{"url":"https:\/\/pubeurope.com\/@de\/115438883004589584","error":""},"_links":{"self":[{"href":"https:\/\/www.europesays.com\/de\/wp-json\/wp\/v2\/posts\/527473","targetHints":{"allow":["GET"]}}],"collection":[{"href":"https:\/\/www.europesays.com\/de\/wp-json\/wp\/v2\/posts"}],"about":[{"href":"https:\/\/www.europesays.com\/de\/wp-json\/wp\/v2\/types\/post"}],"author":[{"embeddable":true,"href":"https:\/\/www.europesays.com\/de\/wp-json\/wp\/v2\/users\/2"}],"replies":[{"embeddable":true,"href":"https:\/\/www.europesays.com\/de\/wp-json\/wp\/v2\/comments?post=527473"}],"version-history":[{"count":0,"href":"https:\/\/www.europesays.com\/de\/wp-json\/wp\/v2\/posts\/527473\/revisions"}],"wp:featuredmedia":[{"embeddable":true,"href":"https:\/\/www.europesays.com\/de\/wp-json\/wp\/v2\/media\/527474"}],"wp:attachment":[{"href":"https:\/\/www.europesays.com\/de\/wp-json\/wp\/v2\/media?parent=527473"}],"wp:term":[{"taxonomy":"category","embeddable":true,"href":"https:\/\/www.europesays.com\/de\/wp-json\/wp\/v2\/categories?post=527473"},{"taxonomy":"post_tag","embeddable":true,"href":"https:\/\/www.europesays.com\/de\/wp-json\/wp\/v2\/tags?post=527473"}],"curies":[{"name":"wp","href":"https:\/\/api.w.org\/{rel}","templated":true}]}}