{"id":52752,"date":"2025-04-22T18:34:19","date_gmt":"2025-04-22T18:34:19","guid":{"rendered":"https:\/\/www.europesays.com\/de\/52752\/"},"modified":"2025-04-22T18:34:19","modified_gmt":"2025-04-22T18:34:19","slug":"buecher-nicht-vielseitig-genug-was-tun-gegen-lesemuedigkeit","status":"publish","type":"post","link":"https:\/\/www.europesays.com\/de\/52752\/","title":{"rendered":"B\u00fccher \u2013 nicht vielseitig genug? Was tun gegen Lesem\u00fcdigkeit?"},"content":{"rendered":"<p class=\"font-sans font-medium\">An Rhein und Ruhr. Wer nicht h\u00f6ren und streamen will, darf lesen. Das ist ein gro\u00dfes Gl\u00fcck. Denn B\u00fccher und Texte sind immer noch das wirksamste Mittel gegen Vorurteile.<\/p>\n<p>Dieser Text ist ein einziger Compliance-Hinweis: Mein Broterwerb wie auch der meiner beiden buchhandelnden Schwestern h\u00e4ngt vom gedruckten Wort ab. Erst der Welttag des Buches, dann folgt Anfang Mai der Tag der Pressefreiheit. Tja, das sind unsere Festwochen. Und das mit \u00dcberzeugung: Das ver\u00f6ffentlichte (meist) gedruckte Wort, es bleibt das Vehikel der Aufkl\u00e4rung, des Lernens, des Verstehens und zum Gl\u00fcck der Unterhaltung, Zerstreuung und des Vergn\u00fcgens.<\/p>\n<p>Doch auch, wenn die <a href=\"https:\/\/www.nrz.de\/kultur\/article408653889\/preis-der-leipziger-buchmesse-geht-an-halbinsel-autorin.html\" data-category-full-path=\"https:\/\/www.nrz.de\/kultur\/\" data-paid-status=\"free\" data-article-publish-date=\"1743092307\" target=\"_blank\" rel=\"noopener\">Buchmesse in Leipzig<\/a> mal wieder aus allen N\u00e4hten platzte, und zwar nicht die St\u00fcckzahlen, aber immerhin der Umsatz der Buchbranche stabil blieb, so mehren sich doch die Sorgenfalten. Weil die Zeit f\u00fcrs Lesen immer weniger wird, sie ist um f\u00fcnf auf 27 Minuten am Tag gesunken zwischen 2012 und 2022. <\/p>\n<p>Weil die <a href=\"https:\/\/www.nrz.de\/staedte\/moers-und-umland\/article241784280\/Schulleiterin-Fuer-viele-Kinder-ist-Lesen-Schwerstarbeit.html\" data-category-full-path=\"\/staedte\/moers-und-umland\/\" data-paid-status=\"default\" data-article-publish-date=\"1709222400\" target=\"_blank\" rel=\"noopener\">Lesekompetenz der Kinder und Jugendlichen weiter abnimmt<\/a> und zudem vor allem junge M\u00e4nner kaum mehr f\u00fcrs Buch zu interessieren sind. Und weil Podcasts beliebter werden und das H\u00f6rbuch vielleicht nicht die gleiche Wirkm\u00e4chtigkeit entfaltet wie ein gedrucktes Buch.<\/p>\n<p>    Auch interessant<\/p>\n<p>    <img decoding=\"async\" src=\"https:\/\/www.europesays.com\/de\/wp-content\/uploads\/2025\/04\/408088558_1737013748_v1_1_200.jpeg\" class=\"block w-full aspect-[1\/1] \" alt=\"Just what I love to do at home\" title=\"Viel Lesestoff: Der B\u00fcchermarkt kommt schon im Februar wieder in Schwung. \" loading=\"lazy\"\/><\/p>\n<p>B\u00fccher, so hei\u00dft es, seien nicht vielseitig genug, b\u00f6ten zu wenig f\u00fcr die Lebenswirklichkeit der M\u00e4nner. Ob nun gerade die Flut der vorwiegend von (jungen) Frauen gesch\u00e4tzten <a href=\"https:\/\/www.nrz.de\/kultur\/article407417587\/new-adult-bei-der-buchmesse-fantasy-romantik-und-erotik.html\" data-category-full-path=\"https:\/\/www.nrz.de\/kultur\/\" data-paid-status=\"default\" data-article-publish-date=\"1728462420\" target=\"_blank\" rel=\"noopener\">so genannten Young-Adult-Literatur<\/a> die Weltsicht weitet, lassen wir mal dahingestellt. Und dass daf\u00fcr Landser-Romane wieder trenden, w\u00e4re wohl nicht w\u00fcnschenswert.<\/p>\n<p>Die Frage, ob die AfD (auch) eine Partei der Nicht-Leser ist, ist offen. Selbst wenn: Die Einf\u00fchrung eines Lekt\u00fcre-Pflichtjahrs f\u00fcr junge M\u00e4nner wird es nicht geben. Und man kann sich gewiss auch dumm und einf\u00e4ltig lesen. Wenn auch nicht so einfach wie mit sogenannten Sozialen Medien und ihren Filterblasen. <\/p>\n<p>    Auch interessant<\/p>\n<p>    <img decoding=\"async\" src=\"https:\/\/www.europesays.com\/de\/wp-content\/uploads\/2025\/04\/408735377_1744636260_v1_1_200.jpeg\" class=\"block w-full aspect-[1\/1] \" alt=\"V.l.: Kathi, Sabrina, Steffi stecken hinter dem \u201ePick Wick Buchclub\u201c auf Instagram. Im Dortmunder Antiquariat \u201eLe chat qui lit\u201c sprechen sie \u00fcber ihre Leidenschaft.\" title=\"V.l.: Kathi, Sabrina, Steffi stecken hinter dem \u201ePick Wick Buchclub\u201c auf Instagram. Im Dortmunder Antiquariat \u201eLe chat qui lit\u201c sprechen sie \u00fcber ihre Leidenschaft.\" loading=\"lazy\"\/><\/p>\n<p>Der <a href=\"https:\/\/www.nrz.de\/kultur\/article408278106\/thalia-gruendet-buchclub-auf-whatsapp-als-erster-buchhaendler.html\" data-category-full-path=\"https:\/\/www.nrz.de\/kultur\/\" data-paid-status=\"premium\" data-article-publish-date=\"1739286000\" target=\"_blank\" rel=\"noopener\">wachsende Einfluss von KI <\/a>zur Ermittlung dessen, was Leser*innen vermeintlich interessiert, k\u00f6nnte jedoch auch im Buchmarkt zu einer Monokultur der Wahrnehmung f\u00fchren. Deswegen gilt f\u00fcr geistige Nahrung wie f\u00fcr physische: je vielseitiger desto besser.<\/p>\n","protected":false},"excerpt":{"rendered":"An Rhein und Ruhr. Wer nicht h\u00f6ren und streamen will, darf lesen. Das ist ein gro\u00dfes Gl\u00fcck. Denn&hellip;\n","protected":false},"author":2,"featured_media":52753,"comment_status":"","ping_status":"","sticky":false,"template":"","format":"standard","meta":{"footnotes":""},"categories":[1774],"tags":[1784,1785,29,214,30,215],"class_list":{"0":"post-52752","1":"post","2":"type-post","3":"status-publish","4":"format-standard","5":"has-post-thumbnail","7":"category-buecher","8":"tag-books","9":"tag-buecher","10":"tag-deutschland","11":"tag-entertainment","12":"tag-germany","13":"tag-unterhaltung"},"share_on_mastodon":{"url":"https:\/\/pubeurope.com\/@de\/114383058660512207","error":""},"_links":{"self":[{"href":"https:\/\/www.europesays.com\/de\/wp-json\/wp\/v2\/posts\/52752","targetHints":{"allow":["GET"]}}],"collection":[{"href":"https:\/\/www.europesays.com\/de\/wp-json\/wp\/v2\/posts"}],"about":[{"href":"https:\/\/www.europesays.com\/de\/wp-json\/wp\/v2\/types\/post"}],"author":[{"embeddable":true,"href":"https:\/\/www.europesays.com\/de\/wp-json\/wp\/v2\/users\/2"}],"replies":[{"embeddable":true,"href":"https:\/\/www.europesays.com\/de\/wp-json\/wp\/v2\/comments?post=52752"}],"version-history":[{"count":0,"href":"https:\/\/www.europesays.com\/de\/wp-json\/wp\/v2\/posts\/52752\/revisions"}],"wp:featuredmedia":[{"embeddable":true,"href":"https:\/\/www.europesays.com\/de\/wp-json\/wp\/v2\/media\/52753"}],"wp:attachment":[{"href":"https:\/\/www.europesays.com\/de\/wp-json\/wp\/v2\/media?parent=52752"}],"wp:term":[{"taxonomy":"category","embeddable":true,"href":"https:\/\/www.europesays.com\/de\/wp-json\/wp\/v2\/categories?post=52752"},{"taxonomy":"post_tag","embeddable":true,"href":"https:\/\/www.europesays.com\/de\/wp-json\/wp\/v2\/tags?post=52752"}],"curies":[{"name":"wp","href":"https:\/\/api.w.org\/{rel}","templated":true}]}}