{"id":527542,"date":"2025-10-26T06:33:19","date_gmt":"2025-10-26T06:33:19","guid":{"rendered":"https:\/\/www.europesays.com\/de\/527542\/"},"modified":"2025-10-26T06:33:19","modified_gmt":"2025-10-26T06:33:19","slug":"formel-1-norris-holt-sich-die-pole-von-mexiko-desaster-fuer-piastri","status":"publish","type":"post","link":"https:\/\/www.europesays.com\/de\/527542\/","title":{"rendered":"Formel 1: Norris holt sich die Pole von Mexiko &#8211; Desaster f\u00fcr Piastri"},"content":{"rendered":"<p>            <img loading=\"lazy\" decoding=\"async\" class=\"ts-image\" src=\"https:\/\/www.europesays.com\/de\/wp-content\/uploads\/2025\/10\/norris-154.jpg\" alt=\"Lando Norris\" title=\"Lando Norris | Imago Images\"\/><\/p>\n<p class=\"metatextline\">Stand: 26.10.2025 00:12 Uhr<\/p>\n<p class=\"textabsatz columns twelve  m-ten  m-offset-one l-eight l-offset-two\">\n        <strong>Lando Norris hat die Pole Position beim Gro\u00dfen Preis von Mexiko erobert und im Titelrennen der Formel 1 zum Gegenschlag ausgeholt. <\/strong>\n    <\/p>\n<p class=\"textabsatz m-ten m-offset-one l-eight l-offset-two columns twelve\">Der englische McLaren-Pilot verwies im Aut\u00f3dromo Hermanos Rodriguez in 1:15,586 Minuten das Ferrari-Duo Charles Leclerc und Lewis Hamilton auf die Pl\u00e4tze, es war die 14. Pole Position f\u00fcr Norris in seiner Karriere und die f\u00fcnfte in dieser Saison.<\/p>\n<ul class=\"buttongroup buttongroup--copytext\">\n<li class=\"buttongroup__item\">\n<p>    <a class=\"btn btn--text btn--standard-secondary btn--fullwidth\" href=\"https:\/\/www.sportschau.de\/live-und-ergebnisse\/motorsport\/formel-1\/co2546\/grosser-preis-von-mexiko\/ma10213148\/ergebnisse\" rel=\"nofollow noopener\" target=\"_blank\"><br \/>\n        Startaufstellung<br \/>\n        Pfeil rechts<\/p>\n<p>    <\/a>\n<\/li>\n<li class=\"buttongroup__item\">\n<p>    <a class=\"btn btn--text btn--standard-secondary btn--fullwidth\" href=\"https:\/\/www.sportschau.de\/live-und-ergebnisse\/motorsport\/formel-1\/wertung-fahrer\" rel=\"nofollow noopener\" target=\"_blank\"><br \/>\n        WM-Fahrerwertung<br \/>\n        Pfeil rechts<\/p>\n<p>    <\/a>\n<\/li>\n<\/ul>\n<p class=\"textabsatz m-ten m-offset-one l-eight l-offset-two columns twelve\">&#8222;Es ist sch\u00f6n, wieder auf der Pole zu stehen. Ich habe mich den ganzen Tag gut gef\u00fchlt&#8220;, sagte Norris: &#8222;Ich bin hier, um zu siegen. Ich erwarte einen Kampf, aber ich richte den Blick nach vorn.&#8220;\u00a0Norris hat beste Voraussetzungen, im 20. Saisonrennen am Sonntag (ab 21 Uhr im Liveticker auf sportschau.de) in der Fahrer-WM Boden auf die Konkurrenz gutzumachen und sogar die F\u00fchrung zu \u00fcbernehmen.<\/p>\n<p>    Verstappen F\u00fcnfter, Piastri nur Siebter<\/p>\n<p class=\"textabsatz m-ten m-offset-one l-eight l-offset-two columns twelve\">Weltmeister Max Verstappen belegte im Red Bull mit knapp einer halben Sekunde R\u00fcckstand den f\u00fcnften Platz. Noch schlechter lief es f\u00fcr Norris&#8216; Teamkollegen Oscar Piastri: Der seit Wochen formschwache WM-F\u00fchrende startet von Platz sieben. Nico H\u00fclkenberg fuhr im Sauber auf den 13. Startplatz. &#8222;Es war eine saubere Quali, mehr war gef\u00fchlt nicht drin&#8220;, sagte er bei &#8222;Sky&#8220;.<\/p>\n<p class=\"textabsatz m-ten m-offset-one l-eight l-offset-two columns twelve\">Im letzten Qualifying-Abschnitt setzte Leclerc mit der zwischenzeitlichen Bestzeit das erste Ausrufezeichen. Dann aber drehte Norris m\u00e4chtig auf und schob sich mit einer finalen Traumrunde auf den ersten Platz. Die Konkurrenz konnte nicht mehr entscheidend nachziehen.<\/p>\n<p>    Geht Verstappens Aufholjagd weiter?<\/p>\n<p class=\"textabsatz m-ten m-offset-one l-eight l-offset-two columns twelve\">Damit hat Norris ein komfortables Polster zwischen sich und seinen Rivalen &#8211; vorausgesetzt, beim Start l\u00e4uft alles nach Plan. Verstappen, dem nach seiner spektakul\u00e4ren Aufholjagd in den vergangenen Wochen nur noch 40 Punkte auf Platz eins fehlen, darf auf einen turbulenten Start hoffen. In den beiden j\u00fcngsten Rennen in Mexiko konnten sich die Polesetter jeweils nicht durchsetzen.<\/p>\n<p>                    Fahrerwertung nach 19 von 24 Rennen<\/p>\n<tr>\n                        Fahrer<br \/>\n                        Team<br \/>\n                        Punkte<br \/>\n                    <\/tr>\n<tr>\n<td>\n                            Oscar Piastri (AUS)<\/p>\n<\/td>\n<td>\n                            McLaren<\/p>\n<\/td>\n<td>\n                            346<\/p>\n<\/td>\n<\/tr>\n<tr>\n<td>\n                            Lando Norris (GBR)<\/p>\n<\/td>\n<td>\n                            McLaren<\/p>\n<\/td>\n<td>\n                            332<\/p>\n<\/td>\n<\/tr>\n<tr>\n<td>\n                            Max Verstappen (NED)<\/p>\n<\/td>\n<td>\n                            Red Bull<\/p>\n<\/td>\n<td>\n                            306<\/p>\n<\/td>\n<\/tr>\n<tr>\n<td>\n                            George Russell (GBR)<\/p>\n<\/td>\n<td>\n                            Mercedes<\/p>\n<\/td>\n<td>\n                            252<\/p>\n<\/td>\n<\/tr>\n","protected":false},"excerpt":{"rendered":"Stand: 26.10.2025 00:12 Uhr Lando Norris hat die Pole Position beim Gro\u00dfen Preis von Mexiko erobert und im&hellip;\n","protected":false},"author":2,"featured_media":527543,"comment_status":"","ping_status":"","sticky":false,"template":"","format":"standard","meta":{"footnotes":""},"categories":[5],"tags":[331,332,3364,29,1572,30,13,1575,14,15,12],"class_list":{"0":"post-527542","1":"post","2":"type-post","3":"status-publish","4":"format-standard","5":"has-post-thumbnail","7":"category-nachrichten","8":"tag-aktuelle-nachrichten","9":"tag-aktuelle-news","10":"tag-de","11":"tag-deutschland","12":"tag-formel-1","13":"tag-germany","14":"tag-headlines","15":"tag-motorsport","16":"tag-nachrichten","17":"tag-news","18":"tag-schlagzeilen"},"share_on_mastodon":{"url":"https:\/\/pubeurope.com\/@de\/115439076242403999","error":""},"_links":{"self":[{"href":"https:\/\/www.europesays.com\/de\/wp-json\/wp\/v2\/posts\/527542","targetHints":{"allow":["GET"]}}],"collection":[{"href":"https:\/\/www.europesays.com\/de\/wp-json\/wp\/v2\/posts"}],"about":[{"href":"https:\/\/www.europesays.com\/de\/wp-json\/wp\/v2\/types\/post"}],"author":[{"embeddable":true,"href":"https:\/\/www.europesays.com\/de\/wp-json\/wp\/v2\/users\/2"}],"replies":[{"embeddable":true,"href":"https:\/\/www.europesays.com\/de\/wp-json\/wp\/v2\/comments?post=527542"}],"version-history":[{"count":0,"href":"https:\/\/www.europesays.com\/de\/wp-json\/wp\/v2\/posts\/527542\/revisions"}],"wp:featuredmedia":[{"embeddable":true,"href":"https:\/\/www.europesays.com\/de\/wp-json\/wp\/v2\/media\/527543"}],"wp:attachment":[{"href":"https:\/\/www.europesays.com\/de\/wp-json\/wp\/v2\/media?parent=527542"}],"wp:term":[{"taxonomy":"category","embeddable":true,"href":"https:\/\/www.europesays.com\/de\/wp-json\/wp\/v2\/categories?post=527542"},{"taxonomy":"post_tag","embeddable":true,"href":"https:\/\/www.europesays.com\/de\/wp-json\/wp\/v2\/tags?post=527542"}],"curies":[{"name":"wp","href":"https:\/\/api.w.org\/{rel}","templated":true}]}}