{"id":527578,"date":"2025-10-26T06:55:15","date_gmt":"2025-10-26T06:55:15","guid":{"rendered":"https:\/\/www.europesays.com\/de\/527578\/"},"modified":"2025-10-26T06:55:15","modified_gmt":"2025-10-26T06:55:15","slug":"das-duesseldorfer-templum-als-epizentrum-elektronischer-musik","status":"publish","type":"post","link":"https:\/\/www.europesays.com\/de\/527578\/","title":{"rendered":"Das D\u00fcsseldorfer Templum als Epizentrum elektronischer Musik"},"content":{"rendered":"<p class=\"richtext text-em-55 !leading-serif mx-6 desktop:mx-0\">Gleich f\u00fcnf gro\u00dfe Namen der elektronischen Musikszene gaben sich am Samstagabend im Templum die Ehre: Axel Ganz, Christian Banasik, Michio Woirgard, Max Yip und J\u00f6rg U. Lensing, k\u00fcnstlerischer Leiter des Theaters der Kl\u00e4nge. <br \/>Lensing zeichnete ab 1981 sechs Jahre lang verantwortlich f\u00fcr die Konzertreihe \u201eneue T\u00f6ne\u201c. Die gastiere damals auch im Auxilium und in der Werkstatt (beide l\u00e4ngst Geschichte), der Tonhalle sowie im Zakk. Als der neue Eigent\u00fcmer des Templum an der Bergischen Landstra\u00dfe ihn fragte, ob er nicht eine Idee h\u00e4tte, wie sich der Saal noch bespielen lie\u00dfe, erinnerte sich Lensing an die legend\u00e4re Reihe. \u201eEs ist schon Jahrzehnte her, dass ich Konzerte veranstaltet habe\u201c, erz\u00e4hlte er im ausverkauften Templum zur Wiederauflage der \u201eneuen T\u00f6ne\u201c. Die sollten aber einer Entwicklung Tribut zollen, die seiner Meinung nach oft zu kurz k\u00e4me: die neue elektronische Musik. Entsprechend ist das aktuelle Programm der Wiederauflage mit \u201eNeue elektronische T\u00f6ne\u201c \u00fcberschrieben.<\/p>\n","protected":false},"excerpt":{"rendered":"Gleich f\u00fcnf gro\u00dfe Namen der elektronischen Musikszene gaben sich am Samstagabend im Templum die Ehre: Axel Ganz, Christian&hellip;\n","protected":false},"author":2,"featured_media":527579,"comment_status":"","ping_status":"","sticky":false,"template":"","format":"standard","meta":{"footnotes":""},"categories":[1831],"tags":[15910,129843,3364,29,3405,13651,59930,129846,129845,26936,30,129841,81063,70419,810,9803,24633,1209,35957,40174,129840,129842,129844],"class_list":{"0":"post-527578","1":"post","2":"type-post","3":"status-publish","4":"format-standard","5":"has-post-thumbnail","7":"category-duesseldorf","8":"tag-abend","9":"tag-banasik","10":"tag-de","11":"tag-deutschland","12":"tag-duesseldorf","13":"tag-elektronische","14":"tag-elektronischer","15":"tag-floete","16":"tag-floetenklaengen","17":"tag-gaben","18":"tag-germany","19":"tag-joerg-u-lensing","20":"tag-klaenge","21":"tag-konzertreihe","22":"tag-musik","23":"tag-musikalische","24":"tag-musikszene","25":"tag-nordrhein-westfalen","26":"tag-reihe","27":"tag-samstagabend","28":"tag-templum","29":"tag-toene","30":"tag-yip"},"share_on_mastodon":{"url":"https:\/\/pubeurope.com\/@de\/115439162254288072","error":""},"_links":{"self":[{"href":"https:\/\/www.europesays.com\/de\/wp-json\/wp\/v2\/posts\/527578","targetHints":{"allow":["GET"]}}],"collection":[{"href":"https:\/\/www.europesays.com\/de\/wp-json\/wp\/v2\/posts"}],"about":[{"href":"https:\/\/www.europesays.com\/de\/wp-json\/wp\/v2\/types\/post"}],"author":[{"embeddable":true,"href":"https:\/\/www.europesays.com\/de\/wp-json\/wp\/v2\/users\/2"}],"replies":[{"embeddable":true,"href":"https:\/\/www.europesays.com\/de\/wp-json\/wp\/v2\/comments?post=527578"}],"version-history":[{"count":0,"href":"https:\/\/www.europesays.com\/de\/wp-json\/wp\/v2\/posts\/527578\/revisions"}],"wp:featuredmedia":[{"embeddable":true,"href":"https:\/\/www.europesays.com\/de\/wp-json\/wp\/v2\/media\/527579"}],"wp:attachment":[{"href":"https:\/\/www.europesays.com\/de\/wp-json\/wp\/v2\/media?parent=527578"}],"wp:term":[{"taxonomy":"category","embeddable":true,"href":"https:\/\/www.europesays.com\/de\/wp-json\/wp\/v2\/categories?post=527578"},{"taxonomy":"post_tag","embeddable":true,"href":"https:\/\/www.europesays.com\/de\/wp-json\/wp\/v2\/tags?post=527578"}],"curies":[{"name":"wp","href":"https:\/\/api.w.org\/{rel}","templated":true}]}}