{"id":52776,"date":"2025-04-22T18:47:10","date_gmt":"2025-04-22T18:47:10","guid":{"rendered":"https:\/\/www.europesays.com\/de\/52776\/"},"modified":"2025-04-22T18:47:10","modified_gmt":"2025-04-22T18:47:10","slug":"polizei-findet-geklaute-e-bikes-in-wohnung","status":"publish","type":"post","link":"https:\/\/www.europesays.com\/de\/52776\/","title":{"rendered":"Polizei findet geklaute E-Bikes in Wohnung"},"content":{"rendered":"<p>Hoher Gesamtwert <\/p>\n<p>Hehler bunkert geklaute E-Bikes in Wohnung<\/p>\n<p>22.04.2025 &#8211; 19:45 UhrLesedauer: 1 Min.<\/p>\n<p><a href=\"#focus-0\" class=\"transition-colors duration-200 focus-within:text-magenta block text-current relative\" data-sctrack=\"FocusGalleryImage.Reference\"><img fetchpriority=\"high\" data-testid=\"Opener.Image\" style=\"--lqipURL:url('https:\/\/images.t-online.de\/2024\/12\/s6kATsDW7Eoz\/0x249:4000x2250\/fit-in\/150x0\/filters:blur(25)\/duesseldorf-29-042024-radfahrer-radfahrerin-fahrradfahrer-fahrradweg-verkehrswende-mobilitaetswende-strassenverkehr-autoverkehr-unfallgefahr-e-bike-elektrofahrrad-duesseldorf-nordrhein-westfalen-deutschland-duesseldorf-29-04-2024-cyclist-cyclist-cyclist-cycle-path-traffic-turnaround-mobility-turnaround-road-traffic-car-traffic-accident-risk-e-bike-electric-bike-duesseldorf-north-rhine-westphalia-germany.jpg')\"   loading=\"eager\" src=\"https:\/\/www.europesays.com\/de\/wp-content\/uploads\/2025\/04\/duesseldorf-29-042024-radfahrer-radfahrerin-fahrradfahrer-fahrradweg-verkehrswende-mobilitaetswende-.jpeg\" alt=\"imago images 0469967613\" title=\"imago images 0469967613\" width=\"4000\" height=\"2250\" class=\"bg-[url:var(--lqipURL)] bg-cover bg-center flex w-full max-w-full h-full\" decoding=\"async\"\/><img style=\"--width:32;--height:32\" loading=\"lazy\" src=\"https:\/\/www.europesays.com\/de\/wp-content\/uploads\/2025\/03\/zoom-in.f7dae02f.svg.svg+xml\" alt=\"Vergr\u00f6\u00dfern des Bildes\" title=\"Vergr\u00f6\u00dfern des Bildes\" class=\"&#10;        block&#10;        h-[calc(var(--height)_\/_16_*_1rem)]&#10;        w-[calc(var(--width)_\/_16_*_1rem)]&#10;        max-w-none&#10;        absolute bottom-8 right-8 rounded-4 bg-snow p-8\" decoding=\"async\"\/><\/a><\/p>\n<p>Ein Mann auf einem E-Bike (Symbolbild): Gegen den Nutzer der Wohnung wird nun ermittelt. (Quelle: IMAGO\/Michael Gstettenbauer\/imago)<\/p>\n<p class=\"font-bold text-18 leading-17\">In einer Wohnung in Aachen-Forst findet die Polizei hochwertiges Diebesgut. Allein der Wert mehrerer Fahrr\u00e4der geht in den f\u00fcnfstelligen Bereich.<\/p>\n<p class=\"text-18 leading-17\">Am Freitagabend (18. April) hat die Polizei <a class=\"transition-colors duration-200 cursor-pointer text-inherit no-underline text-salemsfur md:hover:text-magenta md:hover:border-magenta md:focus:text-magenta border-current border-b border-solid break-words\" href=\"https:\/\/www.t-online.de\/themen\/aachen\/\" data-sctrack=\"BodyAnchor\" rel=\"nofollow noopener\" target=\"_blank\">Aachen<\/a> ein Diebeslager ausgehoben. Ein Hinweisgeber machte die Beamten auf eine Wohnung im Stadtteil Forst aufmerksam, in der der ein Dieb seine Beute lagern sollte. Vor Ort fanden die Einsatzkr\u00e4fte tats\u00e4chlich etliche Gegenst\u00e4nde, die mutma\u00dflichen aus Diebst\u00e4hlen stammten.<\/p>\n<p class=\"text-18 leading-17\">Laut der Polizei stellten die Beamten mehrere Parfumflaschen, Bargeld und neun hochwertige E-Bikes sicher. Die Fahrr\u00e4der alleine h\u00e4tten einen Gesamtwert von rund 30.000 Euro, hei\u00dft es in einer Pressemitteilung.<\/p>\n<p class=\"text-18 leading-17\">Gegen den Nutzer der Wohnung und mutma\u00dflichen Dieb wird nun wegen gewerbsm\u00e4\u00dfiger Hehlerei ermittelt. Die Ermittlungsgruppe &#8222;Bike &amp; City&#8220; der Aachener Polizei sichtet das Diebesgut aktuell, um die Gegenst\u00e4nde konkreten Straftaten zuordnen zu k\u00f6nnen. Teilweise seien die Ermittler dabei schon erfolgreich gewesen \u2013 unter anderem durch die Zusammenarbeit mit \u00f6rtlichen Fahrradgesch\u00e4ften, aus denen die E-Bikes unter anderem gestohlen worden sein sollen.<\/p>\n<p class=\"text-18 leading-17\">Gleichzeitig bedankt sich die Polizei bei dem Hinweisgeber, der die Beamten auf die Spur des mutma\u00dflichen Hehlers brachte. In diesem Zuge wollen die Ermittler alle B\u00fcrger dazu ermuntern, &#8222;bei Verdachtsmomenten die Polizei zu rufen und sich als Zeugin oder Zeuge zu melden.&#8220;<\/p>\n","protected":false},"excerpt":{"rendered":"Hoher Gesamtwert Hehler bunkert geklaute E-Bikes in Wohnung 22.04.2025 &#8211; 19:45 UhrLesedauer: 1 Min. Ein Mann auf einem&hellip;\n","protected":false},"author":2,"featured_media":52777,"comment_status":"","ping_status":"","sticky":false,"template":"","format":"standard","meta":{"footnotes":"","_share_on_mastodon":"0"},"categories":[1853],"tags":[1424,3364,29,2397,25153,1233,548,663,3934,1234,30,25152,13,14,15,1209,121,12],"class_list":["post-52776","post","type-post","status-publish","format-standard","has-post-thumbnail","category-aachen","tag-aachen","tag-de","tag-deutschland","tag-diebesgut","tag-diebeslager","tag-e-bike","tag-eu","tag-europa","tag-europe","tag-fahrrad","tag-germany","tag-gesamtwert","tag-headlines","tag-nachrichten","tag-news","tag-nordrhein-westfalen","tag-polizei","tag-schlagzeilen"],"share_on_mastodon":{"url":"https:\/\/pubeurope.com\/@de\/114383109874067554","error":""},"_links":{"self":[{"href":"https:\/\/www.europesays.com\/de\/wp-json\/wp\/v2\/posts\/52776","targetHints":{"allow":["GET"]}}],"collection":[{"href":"https:\/\/www.europesays.com\/de\/wp-json\/wp\/v2\/posts"}],"about":[{"href":"https:\/\/www.europesays.com\/de\/wp-json\/wp\/v2\/types\/post"}],"author":[{"embeddable":true,"href":"https:\/\/www.europesays.com\/de\/wp-json\/wp\/v2\/users\/2"}],"replies":[{"embeddable":true,"href":"https:\/\/www.europesays.com\/de\/wp-json\/wp\/v2\/comments?post=52776"}],"version-history":[{"count":0,"href":"https:\/\/www.europesays.com\/de\/wp-json\/wp\/v2\/posts\/52776\/revisions"}],"wp:featuredmedia":[{"embeddable":true,"href":"https:\/\/www.europesays.com\/de\/wp-json\/wp\/v2\/media\/52777"}],"wp:attachment":[{"href":"https:\/\/www.europesays.com\/de\/wp-json\/wp\/v2\/media?parent=52776"}],"wp:term":[{"taxonomy":"category","embeddable":true,"href":"https:\/\/www.europesays.com\/de\/wp-json\/wp\/v2\/categories?post=52776"},{"taxonomy":"post_tag","embeddable":true,"href":"https:\/\/www.europesays.com\/de\/wp-json\/wp\/v2\/tags?post=52776"}],"curies":[{"name":"wp","href":"https:\/\/api.w.org\/{rel}","templated":true}]}}