{"id":527819,"date":"2025-10-26T09:21:14","date_gmt":"2025-10-26T09:21:14","guid":{"rendered":"https:\/\/www.europesays.com\/de\/527819\/"},"modified":"2025-10-26T09:21:14","modified_gmt":"2025-10-26T09:21:14","slug":"fussball-profi-poebelt-im-tv-interview-los-geh-mir-nicht-auf-den-sack-sport","status":"publish","type":"post","link":"https:\/\/www.europesays.com\/de\/527819\/","title":{"rendered":"Fu\u00dfball-Profi p\u00f6belt im TV-Interview los: \u201eGeh mir nicht auf den Sack\u201c | Sport"},"content":{"rendered":"<p><b>Er beschimpfte einst im Fernsehen den Schiri als Cornflakes-Z\u00e4hler. Jetzt sind Verteidiger Jan L\u00f6hmannsr\u00f6ben (34) vom Halleschen FC erneut im TV-Interview die Sicherungen durchgeknallt.<\/b><\/p>\n<p>Nach der <a href=\"https:\/\/www.bild.de\/sport\/fussball\/irrer-sieg-beim-hfc-lok-leipzig-feiert-super-adetula-68fbaadb9b0d2f56f665b1a4\" class=\"text-link\" target=\"_blank\" rel=\"noopener\">2:4-Niederlage im Spitzenspiel gegen den 1. FC Lok Leipzig<\/a> ist Halle mit elf Punkten R\u00fcckstand raus aus dem Aufstiegsrennen. L\u00f6hmannsr\u00f6ben trat deshalb mit einer \u201eRiesen-Krawatte\u201c zum TV-Interview an. Und motzte sich da so richtig den Frust von der Seele. <\/p>\n<p>Als MDR-Reporter Stephan Weidling nachhakte und den Saisonzielen fragte, giftete L\u00f6hmannsr\u00f6ben wild drauf los: \u201eGeh mir nicht auf den Sack. Was willst du von mir? Das ist erst der 12. Spieltag.\u201c Schon zuvor hatte er den Reporter schon b\u00f6se abgeb\u00fcgelt, als der den gef\u00e4hrdeten Aufstieg ansprach. \u201eSuper Frage, n\u00e4chste Frage. Da antworte ich nicht drauf.\u201c<\/p>\n<p>Nach Debakel: Wagner gibt Spielern die Schuld<a class=\"anchor video-teaser__anchor\" href=\"https:\/\/www.bild.de\/sport\/fussball\/nach-debakel-wagner-gibt-spielern-die-schuld-68fd103fc008edcf0c853870\" target=\"_blank\" rel=\"noopener\"><img decoding=\"async\" width=\"992\" height=\"558\" alt=\"Teaser-Bild\" src=\"https:\/\/www.europesays.com\/de\/wp-content\/uploads\/2025\/10\/4c7623676d1c0178263bac795a3ff09b,cbd900db\"   class=\"landscape teaser__image\" loading=\"lazy\"\/><\/a><\/p>\n<p>Quelle: DFL25.10.2025<\/p>\n<p><a href=\"https:\/\/www.bild.de\/sport\/fussball\/vor-duell-mit-lok-leipzig-loehmannsroeben-heizt-halle-ein-68fa35b0c014c78e37fb75a6\" class=\"text-link\" target=\"_blank\" rel=\"noopener\">L\u00f6hmannsr\u00f6ben on fire<\/a>! An seiner Truppe lie\u00df er nach der Niederlage gegen <a href=\"https:\/\/www.bild.de\/sport\/fussball\/lok-leipzig\/home-80643548.bild.html\" class=\"text-link\" target=\"_blank\" rel=\"noopener\">Lok Leipzig<\/a> auch kein gutes Haar. \u201eDie vier Gegentore waren alles Fehler von uns, wir kacken uns immer selbst in die Suppe\u201c, giftete der Ex-Zweitliga-Profi (<a href=\"https:\/\/www.bild.de\/sport\/fussball\/hansa-rostock\/startseite-hansa-rostock-62717276.bild.html\" class=\"text-link\" target=\"_blank\" rel=\"noopener\">Hansa Rostock<\/a>). \u201eUnd labern uns einen Zacken aus der Krone, in dem wir sagen, es fehlen immer nur ein paar Prozent, wir m\u00fcssen das Herz auf dem Platz lassen. Jetzt stellen wir uns wieder hin und sagen, du hast alles gegeben und ein gutes Spiel gemacht \u2013 aber da kannste dir nix f\u00fcr kaufen.\u201c<\/p>\n<p>Und weiter: \u201eEs kotzt mich ehrlich gesagt an. Wir m\u00fcssen mal sachlich spielen und unsere Zweik\u00e4mpfe gewinnen. Heute hat es ja mal wenigstens mit zwei Toren geklappt. Es ist jede Woche dieselbe Leier: Wir geben Gas, wir k\u00e4mpfen, wir leben &#8211; holen wir Z\u00e4hlbares? Nein!\u201c <\/p>\n<p>Mehr zum Thema<\/p>\n<p>Nicht der erste Klartext-Ausraster des Abr\u00e4umers, der unter anderem schon f\u00fcr <a href=\"https:\/\/www.bild.de\/sport\/fussball\/fc-kaiserslautern\/startseite-kaiserslautern-31148622.bild.html\" class=\"text-link\" target=\"_blank\" rel=\"noopener\">Kaiserslautern<\/a>, <a href=\"https:\/\/www.bild.de\/sport\/fussball\/1-fc-magdeburg\/startseite-magdeburg-55900784.bild.html\" class=\"text-link\" target=\"_blank\" rel=\"noopener\">den 1. FC Magdeburg<\/a>, Jena und Preu\u00dfen M\u00fcnster spielte. 2018 war er in einem Interview nach Abpfiff des Spiels <a href=\"https:\/\/www.bild.de\/sport\/fussball\/fussball\/lauterns-loehmannsroeben-das-cornflakes-interview-57794040.bild.html\" class=\"text-link\" target=\"_blank\" rel=\"noopener\">Zwickau gegen Kaiserslautern (1:1) Schiedsrichter Markus Wollenweber angegangen<\/a>, weil der nach einem Handspiel von L\u00f6hmannsr\u00f6ben Elfmeter gepfiffen hatte.<\/p>\n<p>L\u00f6hmannsr\u00f6ben damals: \u201eWenn das kein Foulspiel ist, ja leck mich am Arsch, alter, ehrlich. Wenn das \u2019n Schiri ist\u2026 Wei\u00df nicht, digga, soll der Cornflakes z\u00e4hlen gehen. Da platzt mir die Krawatte, ehrlich. Ich hoffe der kann \u2019ne Woche nicht pennen, soll erst mal Kreisliga pfeifen.\u201c<\/p>\n<p><b>Der Verteidiger wurde vom DFB damals zu 1200 Euro Geldstrafe verdonnert. <\/b><\/p>\n","protected":false},"excerpt":{"rendered":"Er beschimpfte einst im Fernsehen den Schiri als Cornflakes-Z\u00e4hler. Jetzt sind Verteidiger Jan L\u00f6hmannsr\u00f6ben (34) vom Halleschen FC&hellip;\n","protected":false},"author":2,"featured_media":527820,"comment_status":"","ping_status":"","sticky":false,"template":"","format":"standard","meta":{"footnotes":""},"categories":[5],"tags":[7974,331,332,1263,3364,29,996,45274,997,30,13,14,15,482,12,3460,45,43278],"class_list":{"0":"post-527819","1":"post","2":"type-post","3":"status-publish","4":"format-standard","5":"has-post-thumbnail","7":"category-nachrichten","8":"tag-1-fc-kaiserslautern","9":"tag-aktuelle-nachrichten","10":"tag-aktuelle-news","11":"tag-aufmacher-bereich","12":"tag-de","13":"tag-deutschland","14":"tag-dritte-liga","15":"tag-elfmeter","16":"tag-fc-hansa-rostock","17":"tag-germany","18":"tag-headlines","19":"tag-nachrichten","20":"tag-news","21":"tag-schiedsrichter","22":"tag-schlagzeilen","23":"tag-sport-leuchtturm-leipzig","24":"tag-texttospeech","25":"tag-tv-sender"},"share_on_mastodon":{"url":"https:\/\/pubeurope.com\/@de\/115439736850607502","error":""},"_links":{"self":[{"href":"https:\/\/www.europesays.com\/de\/wp-json\/wp\/v2\/posts\/527819","targetHints":{"allow":["GET"]}}],"collection":[{"href":"https:\/\/www.europesays.com\/de\/wp-json\/wp\/v2\/posts"}],"about":[{"href":"https:\/\/www.europesays.com\/de\/wp-json\/wp\/v2\/types\/post"}],"author":[{"embeddable":true,"href":"https:\/\/www.europesays.com\/de\/wp-json\/wp\/v2\/users\/2"}],"replies":[{"embeddable":true,"href":"https:\/\/www.europesays.com\/de\/wp-json\/wp\/v2\/comments?post=527819"}],"version-history":[{"count":0,"href":"https:\/\/www.europesays.com\/de\/wp-json\/wp\/v2\/posts\/527819\/revisions"}],"wp:featuredmedia":[{"embeddable":true,"href":"https:\/\/www.europesays.com\/de\/wp-json\/wp\/v2\/media\/527820"}],"wp:attachment":[{"href":"https:\/\/www.europesays.com\/de\/wp-json\/wp\/v2\/media?parent=527819"}],"wp:term":[{"taxonomy":"category","embeddable":true,"href":"https:\/\/www.europesays.com\/de\/wp-json\/wp\/v2\/categories?post=527819"},{"taxonomy":"post_tag","embeddable":true,"href":"https:\/\/www.europesays.com\/de\/wp-json\/wp\/v2\/tags?post=527819"}],"curies":[{"name":"wp","href":"https:\/\/api.w.org\/{rel}","templated":true}]}}