{"id":527843,"date":"2025-10-26T09:34:11","date_gmt":"2025-10-26T09:34:11","guid":{"rendered":"https:\/\/www.europesays.com\/de\/527843\/"},"modified":"2025-10-26T09:34:11","modified_gmt":"2025-10-26T09:34:11","slug":"warum-das-museum-weserburg-die-stadt-bremen-verklagt","status":"publish","type":"post","link":"https:\/\/www.europesays.com\/de\/527843\/","title":{"rendered":"Warum das Museum Weserburg die Stadt Bremen verklagt"},"content":{"rendered":"<p class=\"article-toplinewrapper\">\nFragen &amp; Antworten<\/p>\n<p>Standdatum: 26. Oktober 2025.<\/p>\n<p>Autorinnen und Autoren:<br \/>\nLisa-Maria R\u00f6hling<\/p>\n<p>Das Weserburg-Museum fordert mehr Geld von der Stadt Bremen.<\/p>\n<p>Bild: Radio Bremen | In\u00e8s Schumann<\/p>\n<p class=\"article-intro\">Das Museum f\u00fcr moderne Kunst, die Weserburg, fordert mehr Geld von der Stadt. Ob sie darauf einen Anspruch hat, soll nun vor Gericht gekl\u00e4rt werden. <\/p>\n<p>Was fordert das Museum von der Stadt Bremen?<\/p>\n<p class=\"questions-and-answers-answers\">Wie viele andere Kultureinrichtungen auch hat die Weserburg mit steigenden Personal- und auch Betriebskosten zu k\u00e4mpfen. Die Zusch\u00fcsse aus der Kulturbeh\u00f6rde sind wegen der schwierigen Haushaltslage zwar gestiegen, das reicht aber aus Sicht der Weserburg nicht. Aktuell bekommt das Museum 1,7 Millionen Euro j\u00e4hrlich von der Stadt Bremen. Der aktuelle Wirtschaftsplan zeigt: Das Museum br\u00e4uchte eigentlich gut eine Million Euro mehr, um \u00fcberhaupt ein ordentliches Programm zu bestreiten. &#8222;Ich w\u00fcrde das schon lange als Sterben auf Raten bezeichnen&#8220;, sagt Museumsdirektorin Janneke De Vries. Die Stadt sieht das anders: Die jetzige Zuwendung reiche aus, wegen der Haushaltsnotlage k\u00f6nne die Stadt auch nicht mehr geben. <\/p>\n<p>Warum will das Museum die Erh\u00f6hung vor Gericht erstreiten?<\/p>\n<p class=\"questions-and-answers-answers\">Das hat mit der Gr\u00fcndung der Weserburg zu tun: Die Stadt Bremen hat das Museum vor 34 Jahren als privatrechtliche Stiftung gegr\u00fcndet, die Stadt war dabei der Stifter. Die Weserburg war damals das erste Sammlermuseum Europas. Die Stadt selber wollte diesen Ort f\u00fcr zeitgen\u00f6ssische Kunst schaffen, um dort St\u00fccke aus Sammlungen von Privatleuten zu zeigen. Die Gr\u00fcndungsurkunde legte dabei genau fest, welche Pflichten sowohl die Stadt Bremen als Stifterin als auch das Museum haben. Da hei\u00dft es unter anderem: Die Stadt Bremen muss als Stifterin f\u00fcr die angemessene Finanzierung sorgen. Und was &#8222;angemessen&#8220; ist, dar\u00fcber soll vor dem Landgericht verhandelt werden. <\/p>\n<p>Wie sind die Reaktionen auf die Klage?<\/p>\n<p class=\"questions-and-answers-answers\">Der zust\u00e4ndige Abteilungsleiter beim Kultursenator, Andreas Mackeben, sagt: Der jetzige Betrag f\u00fcr die Weserburg sei angemessen, eine Erh\u00f6hung sei schlechtweg nicht machbar. &#8222;Das ist angesichts der aktuellen Haushaltslage zu viel&#8220;, erkl\u00e4rt er. Eine solche Erh\u00f6hung ginge aus seiner Sicht zulasten anderer Kultureinrichtungen, weil nicht genug Geld im Kulturhaushalt zur Verf\u00fcgung steht.<\/p>\n<p>Die Bremer CDU hingegen sagt: Die Beh\u00f6rde setze nicht die richtigen Schwerpunkte im Haushalt. W\u00fcrde sie das tun, so CDU-Abgeordneter Claas Rohmeyer, sei eine Erh\u00f6hung durchaus denkbar \u2013 zumal die Stadt dazu wegen der Stifterurkunde verpflichtet sei. <\/p>\n<p>Wie geht es jetzt weiter?<\/p>\n<p class=\"questions-and-answers-answers\">Bisher steht kein Gerichtstermin f\u00fcr das Verfahren fest. Aber sowohl die Stadt Bremen als auch die Weserburg selber erhoffen sich durch einen Prozess, egal wie er ausgeht, mehr Klarheit: Mit dem Prozess k\u00f6nne nun endg\u00fcltig gekl\u00e4rt werden, welche Rechte und Pflichten Stadt und Weserburg im Rahmen der Stiftungsurkunde haben \u2013 und welche finanziellen Zusch\u00fcsse nun wirklich angemessen sind. <\/p>\n<p class=\"article-legal-agencies\"><strong>Quelle<\/strong>:<br \/>\nbuten un binnen.\n<\/p>\n<p class=\"article-legal-broadcast-reference\"><strong>Dieses Thema im Programm:<\/strong><br \/>\nbutenunbinnen, 20. Oktober 2025, 19.30 Uhr<\/p>\n","protected":false},"excerpt":{"rendered":"Fragen &amp; Antworten Standdatum: 26. Oktober 2025. Autorinnen und Autoren: Lisa-Maria R\u00f6hling Das Weserburg-Museum fordert mehr Geld von&hellip;\n","protected":false},"author":2,"featured_media":199420,"comment_status":"","ping_status":"","sticky":false,"template":"","format":"standard","meta":{"footnotes":""},"categories":[1824],"tags":[2420,3364,29,2690,30,1789,2264,65421],"class_list":{"0":"post-527843","1":"post","2":"type-post","3":"status-publish","4":"format-standard","5":"has-post-thumbnail","7":"category-bremen","8":"tag-bremen","9":"tag-de","10":"tag-deutschland","11":"tag-gericht","12":"tag-germany","13":"tag-klage","14":"tag-museum","15":"tag-weserburg"},"share_on_mastodon":{"url":"https:\/\/pubeurope.com\/@de\/115439787352764673","error":""},"_links":{"self":[{"href":"https:\/\/www.europesays.com\/de\/wp-json\/wp\/v2\/posts\/527843","targetHints":{"allow":["GET"]}}],"collection":[{"href":"https:\/\/www.europesays.com\/de\/wp-json\/wp\/v2\/posts"}],"about":[{"href":"https:\/\/www.europesays.com\/de\/wp-json\/wp\/v2\/types\/post"}],"author":[{"embeddable":true,"href":"https:\/\/www.europesays.com\/de\/wp-json\/wp\/v2\/users\/2"}],"replies":[{"embeddable":true,"href":"https:\/\/www.europesays.com\/de\/wp-json\/wp\/v2\/comments?post=527843"}],"version-history":[{"count":0,"href":"https:\/\/www.europesays.com\/de\/wp-json\/wp\/v2\/posts\/527843\/revisions"}],"wp:featuredmedia":[{"embeddable":true,"href":"https:\/\/www.europesays.com\/de\/wp-json\/wp\/v2\/media\/199420"}],"wp:attachment":[{"href":"https:\/\/www.europesays.com\/de\/wp-json\/wp\/v2\/media?parent=527843"}],"wp:term":[{"taxonomy":"category","embeddable":true,"href":"https:\/\/www.europesays.com\/de\/wp-json\/wp\/v2\/categories?post=527843"},{"taxonomy":"post_tag","embeddable":true,"href":"https:\/\/www.europesays.com\/de\/wp-json\/wp\/v2\/tags?post=527843"}],"curies":[{"name":"wp","href":"https:\/\/api.w.org\/{rel}","templated":true}]}}