{"id":527857,"date":"2025-10-26T09:42:15","date_gmt":"2025-10-26T09:42:15","guid":{"rendered":"https:\/\/www.europesays.com\/de\/527857\/"},"modified":"2025-10-26T09:42:15","modified_gmt":"2025-10-26T09:42:15","slug":"anna-lapwood-gastierte-bei-ido-festival-in-duesseldorf","status":"publish","type":"post","link":"https:\/\/www.europesays.com\/de\/527857\/","title":{"rendered":"Anna Lapwood gastierte bei Ido-Festival in D\u00fcsseldorf"},"content":{"rendered":"<p class=\"text_ohne_einzug richtext text-em-55 !leading-serif mx-6 desktop:mx-0\">In diesem schnurrigen, wuseligen, von mond\u00e4nen und sehr popul\u00e4ren Kl\u00e4ngen ges\u00e4ttigten Konzert kam einem der vielleicht sch\u00f6nste Begriff f\u00fcr eine \u00fcberquicke Person in Erinnerung. Gl\u00fccklicherweise stammt er aus dem Rheinischen und d\u00fcrfte dem lesenden Publikum bekannt sein: Es ist das Dilld\u00f6ppchen. Immer in Bewegung, kreiselnd, putzmunter, fast nicht zu bremsen. Wie Anna Lapwood schon in die Kirche st\u00fcrmte, als wolle sie \u00f6ffentliche Gymnastikstunden abhalten, wie sie aufsprang, zappelte, Kussh\u00e4nde warf, winkte, zirkushaft moderierte \u2013 die Orgelqueen von der Insel w\u00fcrde, das war klar, eine unterhaltsame Session bieten.<\/p>\n","protected":false},"excerpt":{"rendered":"In diesem schnurrigen, wuseligen, von mond\u00e4nen und sehr popul\u00e4ren Kl\u00e4ngen ges\u00e4ttigten Konzert kam einem der vielleicht sch\u00f6nste Begriff&hellip;\n","protected":false},"author":2,"featured_media":527858,"comment_status":"","ping_status":"","sticky":false,"template":"","format":"standard","meta":{"footnotes":""},"categories":[1831],"tags":[6962,3364,29,3405,3698,59638,30,13132,81063,1310,129929,129928,1209,22358],"class_list":{"0":"post-527857","1":"post","2":"type-post","3":"status-publish","4":"format-standard","5":"has-post-thumbnail","7":"category-duesseldorf","8":"tag-anna","9":"tag-de","10":"tag-deutschland","11":"tag-duesseldorf","12":"tag-filmmusik","13":"tag-fluch","14":"tag-germany","15":"tag-karibik","16":"tag-klaenge","17":"tag-konzert","18":"tag-konzertanten","19":"tag-lapwood","20":"tag-nordrhein-westfalen","21":"tag-zimmer"},"share_on_mastodon":{"url":"https:\/\/pubeurope.com\/@de\/115439818903785505","error":""},"_links":{"self":[{"href":"https:\/\/www.europesays.com\/de\/wp-json\/wp\/v2\/posts\/527857","targetHints":{"allow":["GET"]}}],"collection":[{"href":"https:\/\/www.europesays.com\/de\/wp-json\/wp\/v2\/posts"}],"about":[{"href":"https:\/\/www.europesays.com\/de\/wp-json\/wp\/v2\/types\/post"}],"author":[{"embeddable":true,"href":"https:\/\/www.europesays.com\/de\/wp-json\/wp\/v2\/users\/2"}],"replies":[{"embeddable":true,"href":"https:\/\/www.europesays.com\/de\/wp-json\/wp\/v2\/comments?post=527857"}],"version-history":[{"count":0,"href":"https:\/\/www.europesays.com\/de\/wp-json\/wp\/v2\/posts\/527857\/revisions"}],"wp:featuredmedia":[{"embeddable":true,"href":"https:\/\/www.europesays.com\/de\/wp-json\/wp\/v2\/media\/527858"}],"wp:attachment":[{"href":"https:\/\/www.europesays.com\/de\/wp-json\/wp\/v2\/media?parent=527857"}],"wp:term":[{"taxonomy":"category","embeddable":true,"href":"https:\/\/www.europesays.com\/de\/wp-json\/wp\/v2\/categories?post=527857"},{"taxonomy":"post_tag","embeddable":true,"href":"https:\/\/www.europesays.com\/de\/wp-json\/wp\/v2\/tags?post=527857"}],"curies":[{"name":"wp","href":"https:\/\/api.w.org\/{rel}","templated":true}]}}