{"id":527866,"date":"2025-10-26T09:47:14","date_gmt":"2025-10-26T09:47:14","guid":{"rendered":"https:\/\/www.europesays.com\/de\/527866\/"},"modified":"2025-10-26T09:47:14","modified_gmt":"2025-10-26T09:47:14","slug":"koelner-lehrer-tv-kochshow-trotz-krankschreibung-regional","status":"publish","type":"post","link":"https:\/\/www.europesays.com\/de\/527866\/","title":{"rendered":"K\u00f6lner Lehrer: TV-Kochshow trotz Krankschreibung? | Regional"},"content":{"rendered":"<p>K\u00f6ln \u2013 <b>Neuer Schulskandal um einen krankgeschriebenen Lehrer, der offenbar nicht so krank war, wie er vorgab. Der Lehrer aus Nordrhein-Westfalen soll w\u00e4hrend einer etwa zw\u00f6lfmonatigen Krankschreibung als Kandidat in mehreren Kochshows im Fernsehen aufgetreten sein.<\/b><\/p>\n<p>Erst zu Beginn des Jahres hatte der <a href=\"https:\/\/www.bild.de\/regional\/nordrhein-westfalen\/lehrerin-16-jahre-krankgeschrieben-jetzt-klagt-sie-gegen-amtsarzt-besuch-68a6b60e07777411494cdfce\" class=\"text-link\" target=\"_blank\" rel=\"noopener\">Fall einer Lehrerin aus dem Ruhrgebiet<\/a> f\u00fcr Aufsehen gesorgt. Die P\u00e4dagogin war seit 16 Jahren krankgeschrieben, ohne jemals einem Amtsarzt \u00fcberstellt worden zu sein. Der Fall flog erst auf, als sich die Zust\u00e4ndigkeit bei den Beh\u00f6rden \u00e4nderte.<\/p>\n<p>Krankgeschriebener Lehrer sollte TV-Auftritt erkl\u00e4ren<\/p>\n<p>In dem neuen Fall wurde jetzt in <a href=\"https:\/\/www.bild.de\/regional\/koeln\/koeln-regional\/home-16344378.bild.html\" class=\"text-link\" target=\"_blank\" rel=\"noopener\">K\u00f6ln<\/a> ein Disziplinarverfahren gegen den Lehrer einer <a href=\"https:\/\/www.bild.de\/themen\/organisationen\/schule\/politik-nachrichten-news-fotos-videos-40045138.bild.html\" class=\"text-link\" target=\"_blank\" rel=\"noopener\">Schule<\/a> eingeleitet. Die Aufsichtsbeh\u00f6rde machte keine n\u00e4heren Angaben zu der Person, \u201eda es sich bei Disziplinarangelegenheiten um streng vertrauliche Personalma\u00dfnahmen handelt.\u201c <\/p>\n<p>Zun\u00e4chst hatte die Bezirksregierung den Lehrer aufgefordert, seine Situation schriftlich zu erkl\u00e4ren. Entscheidend war, ob die mindestens zwei ausgestrahlten <a href=\"https:\/\/www.bild.de\/unterhaltung\/tv\/tv\/tv-15479870.bild.html\" class=\"text-link\" target=\"_blank\" rel=\"noopener\">TV-Shows<\/a> w\u00e4hrend der mutma\u00dflichen Erkrankung des Mannes live ausgestrahlt oder schon davor aufgezeichnet worden waren.<\/p>\n<p>Beh\u00f6rde leitet Disziplinarverfahren ein<\/p>\n<p>Nach der Pr\u00fcfung der Stellungnahme wurde das Disziplinarverfahren eingeleitet, da \u201ezureichende tats\u00e4chliche Anhaltspunkte\u201c vorlagen. Als m\u00f6gliche Sanktionen k\u00f6nnten dem P\u00e4dagogen ein Verweis, K\u00fcrzung der Dienstbez\u00fcge, eine Versetzung oder im schlimmsten Fall eine Entfernung aus dem Schuldienst sowie aus dem Beamtenverh\u00e4ltnis drohen.<\/p>\n<p><img decoding=\"async\" width=\"992\" height=\"558\" alt=\"FDP-Vize-Fraktionschefin Franziska M\u00fcller-Rech fordert mehr \u00dcberpr\u00fcfung von l\u00e4nger krankgeschriebenen Lehrkr\u00e4ften\" src=\"https:\/\/www.europesays.com\/de\/wp-content\/uploads\/2025\/10\/9973ebf92102c5de2a29bc9e6d329b72,a2c0205b\"   class=\"landscape\" loading=\"lazy\"\/><\/p>\n<p class=\"fig__caption__text\">FDP-Vize-Fraktionschefin Franziska M\u00fcller-Rech fordert mehr \u00dcberpr\u00fcfung von l\u00e4nger krankgeschriebenen Lehrkr\u00e4ften<\/p>\n<p>Foto: Sven Simon\/picture alliance\/dpa<\/p>\n<p>Mittlerweile hat sich auch die Politik in den Fall eingeschaltet. <a href=\"https:\/\/www.bild.de\/politik\/inland\/fdp\/fdp-alle-infos-76661834.bild.html\" class=\"text-link\" target=\"_blank\" rel=\"noopener\">FDP<\/a>-Vize-Fraktionschefin Franziska M\u00fcller-Rech: \u201eOffenbar gilt in Nordrhein-Westfalen: Dreistigkeit siegt. So ein Verhalten ist nicht nur massiv unkollegial, es schadet dem ganzen Berufsstand und dem Vertrauen in staatliches Handeln.\u201c Rech fordert eine Routine bei den Beh\u00f6rden, um l\u00e4nger krankgeschriebene Lehrkr\u00e4fte systematisch auf Dienstf\u00e4higkeit zu pr\u00fcfen.<\/p>\n<p>Mehr zum Thema 1388 Lehrer in NRW krankgeschrieben<\/p>\n<p>In NRW befinden sich derzeit 1388 verbeamtete Lehrer im Krankenstand. Laut dem aktuellen \u201eLagebild zu Langzeiterkrankungen bei Landesbeamten\u201c sind 745 Beamte seit mehr als sechs Monaten im Krankenstand. 582 Beamte k\u00f6nnen angeblich seit etwa einem Jahr nicht mehr arbeiten. 47 Beamte unterrichten aufgrund einer angeblichen <a href=\"https:\/\/www.bild.de\/themen\/themen-uebersicht\/krankheiten\/krankheiten-symptome-ursachen-therapie-36044510.bild.html\" class=\"text-link\" target=\"_blank\" rel=\"noopener\">Erkrankung<\/a> l\u00e4nger als drei Jahre nicht mehr. 14 sind seit mindestens f\u00fcnf Jahren krankgeschrieben. Von den Lehrern musste sich nur etwas mehr als die H\u00e4lfte von einem Amtsarzt untersuchen lassen.<\/p>\n","protected":false},"excerpt":{"rendered":"K\u00f6ln \u2013 Neuer Schulskandal um einen krankgeschriebenen Lehrer, der offenbar nicht so krank war, wie er vorgab. Der&hellip;\n","protected":false},"author":2,"featured_media":527867,"comment_status":"","ping_status":"","sticky":false,"template":"","format":"standard","meta":{"footnotes":""},"categories":[1828],"tags":[29,187,1993,30,12749,5035,1420,638,4850,27814,1209,966,45,684],"class_list":{"0":"post-527866","1":"post","2":"type-post","3":"status-publish","4":"format-standard","5":"has-post-thumbnail","7":"category-koeln","8":"tag-deutschland","9":"tag-fdp","10":"tag-gerichte","11":"tag-germany","12":"tag-kochen","13":"tag-kohlmaier-hannes","14":"tag-koeln","15":"tag-krankheiten","16":"tag-lehrer","17":"tag-lehrerin","18":"tag-nordrhein-westfalen","19":"tag-schule","20":"tag-texttospeech","21":"tag-tv"},"share_on_mastodon":{"url":"https:\/\/pubeurope.com\/@de\/115439838538660207","error":""},"_links":{"self":[{"href":"https:\/\/www.europesays.com\/de\/wp-json\/wp\/v2\/posts\/527866","targetHints":{"allow":["GET"]}}],"collection":[{"href":"https:\/\/www.europesays.com\/de\/wp-json\/wp\/v2\/posts"}],"about":[{"href":"https:\/\/www.europesays.com\/de\/wp-json\/wp\/v2\/types\/post"}],"author":[{"embeddable":true,"href":"https:\/\/www.europesays.com\/de\/wp-json\/wp\/v2\/users\/2"}],"replies":[{"embeddable":true,"href":"https:\/\/www.europesays.com\/de\/wp-json\/wp\/v2\/comments?post=527866"}],"version-history":[{"count":0,"href":"https:\/\/www.europesays.com\/de\/wp-json\/wp\/v2\/posts\/527866\/revisions"}],"wp:featuredmedia":[{"embeddable":true,"href":"https:\/\/www.europesays.com\/de\/wp-json\/wp\/v2\/media\/527867"}],"wp:attachment":[{"href":"https:\/\/www.europesays.com\/de\/wp-json\/wp\/v2\/media?parent=527866"}],"wp:term":[{"taxonomy":"category","embeddable":true,"href":"https:\/\/www.europesays.com\/de\/wp-json\/wp\/v2\/categories?post=527866"},{"taxonomy":"post_tag","embeddable":true,"href":"https:\/\/www.europesays.com\/de\/wp-json\/wp\/v2\/tags?post=527866"}],"curies":[{"name":"wp","href":"https:\/\/api.w.org\/{rel}","templated":true}]}}