{"id":527878,"date":"2025-10-26T09:53:11","date_gmt":"2025-10-26T09:53:11","guid":{"rendered":"https:\/\/www.europesays.com\/de\/527878\/"},"modified":"2025-10-26T09:53:11","modified_gmt":"2025-10-26T09:53:11","slug":"berlin-brandenburg-mannschaft-lebt-hertha-gegen-elversberg-mit-neuer-power","status":"publish","type":"post","link":"https:\/\/www.europesays.com\/de\/527878\/","title":{"rendered":"Berlin &#038; Brandenburg: &#8222;Mannschaft lebt&#8220;: Hertha gegen Elversberg mit neuer Power"},"content":{"rendered":"<p>                    Berlin &amp; Brandenburg<br \/>\n                &#8222;Mannschaft lebt&#8220;: Hertha gegen Elversberg mit neuer Power<\/p>\n<p>\t\t\t\t              26.10.2025, 10:36 Uhr<\/p>\n<p><strong>Letzte Minute, pure Ekstase: Herthas Triumph gegen D\u00fcsseldorf setzt neue Kr\u00e4fte frei. Doch reicht das gegen Angstgegner Elversberg im Pokal? Kapit\u00e4n Reese verspricht: &#8222;der macht ein Tor am Dienstag&#8220;.<\/strong><\/p>\n<p>Berlin (dpa\/bb) &#8211; Der DJ im Berliner Olympiastadion hatte wohl eine Vorahnung, als er kurz vor Anpfiff einen Klassiker von Nena durch die Lautsprecherboxen des Berliner Olympiastadions jagte. &#8222;Irgendwie f\u00e4ngt irgendwann. Irgendwo die Zukunft an&#8220;, sang die Pops\u00e4ngerin und verspr\u00fchte damit ebenso viel Aufbruchstimmung wie Herthas Spieler nach dem emotionalen 1:0 gegen Fortuna D\u00fcsseldorf.&#8220;Nat\u00fcrlich hilft so ein Last-Minute-Sieg f\u00fcr die Euphorie. F\u00fcr die Stimmung im Team. Mit Blick auf zwei Heimspiele ist das ein sehr gutes Gef\u00fchl. Das l\u00e4sst mich positiv in die Zukunft schauen&#8220;, sagte Kapit\u00e4n Fabian Reese. Routinier Toni Leistner sieht den Arbeitssieg als &#8222;m\u00f6glichen Brustl\u00f6ser, &#8222;um in einen Flow reinzukommen&#8220;.\u00a0<\/p>\n<p>Reese: Habe ich das schon mal erlebt?<\/p>\n<p>Der Auftakt in Heimspielwoche mit drei Partien im Berliner Olympiastadion h\u00e4tte ergebnistechnisch kaum besser laufen k\u00f6nnen. Nach 96 Minuten mit 100-prozentigen Torchancen auf beiden Seiten brachte Maurice Krattenmacher das Olympiastadion am sp\u00e4ten Samstagabend zum Beben. &#8222;Wahnsinn, was dann abgehen kann&#8220;, schw\u00e4rmte Mittelfeld-Joker Diego Demme etwas ungl\u00e4ubig.\u00a0<\/p>\n<p>So laut war ein Jubel im Berliner Westen schon lange nicht mehr. &#8222;Wann war der letzte Last-Minute-Sieg generell bei Hertha? Habe ich schon einen erlebt? Ich wei\u00df es nicht&#8220;, sagte Reese, um kurz darauf festzustellen: &#8222;Wir haben jetzt vier Siege aus sechs Spielen. Die Tendenz ist richtig&#8220;.<\/p>\n<p>Elversberg-Vorbereitung startet um Mitternacht<\/p>\n<p>Damit es f\u00fcnf Siege aus sieben Spielen werden, muss am Dienstag in der 2. Runde des DFB-Pokals ein Erfolg her. Bl\u00f6d nur, dass ausgerechnet Angstgegner SV Elversberg wartet. Die letzten drei Duelle gingen allesamt an die Saarl\u00e4nder. &#8222;Der Sieg heute kann viele neue Kr\u00e4fte freisetzen, wenn man die Emotionen sieht, wie wir da alle ausgerastet sind, dann sieht man, dass die Mannschaft lebt&#8220;, sagte Routinier Paul Seguin.<\/p>\n<p>Die Vorbereitung auf Elversberg startete kurz vor Mitternacht &#8211; noch w\u00e4hrend Leitl auf der Pressekonferenz den emotionalen Abend Revue passieren lie\u00df. &#8222;Nur Regeneration&#8220; stehe auf dem Programmzettel bis Dienstag. &#8222;Die haben wir jetzt schon begonnen. Die Jungs sind jetzt schon auf den Fahrr\u00e4dern. Sie liegen in den Recovery Boots. Essen ist da&#8220;, berichtete Leitl.\u00a0<\/p>\n<p>Reeses Versprechen: &#8222;Der macht ein Tor am Dienstag&#8220;<\/p>\n<p>Fitness alleine wird den Berlinern aber nicht reichen. Und auch Tjark Ernst, der mit einer Glanztat den Sieg gegen Fortuna in der neunten Minute der Nachspielzeit festgehalten hatte, pariert sein Team nicht im Alleingang ins Achtelfinale des DFB-Pokals. Die Moral stimmt, doch die Effizienz vor dem Tor ist weiter ausbauf\u00e4hig.<\/p>\n<p>Gegen D\u00fcsseldorf verstolperte Dagur Thorsteinsson eine 100-prozentige M\u00f6glichkeit rund drei Meter vor dem Tor. Auch Reese hatte mehrere Chancen auf einen Treffer. &#8222;Keiner macht es absichtlich. Diese Saison h\u00e4uft es sich&#8220;, sagte Reese und versprach, den Isl\u00e4nder aufzubauen: &#8222;Nat\u00fcrlich, der macht ein Tor am Dienstag&#8220;.<\/p>\n","protected":false},"excerpt":{"rendered":"Berlin &amp; Brandenburg &#8222;Mannschaft lebt&#8220;: Hertha gegen Elversberg mit neuer Power 26.10.2025, 10:36 Uhr Letzte Minute, pure Ekstase:&hellip;\n","protected":false},"author":2,"featured_media":527879,"comment_status":"","ping_status":"","sticky":false,"template":"","format":"standard","meta":{"footnotes":""},"categories":[1816],"tags":[1960,1958,1959,1957,296,1956,1890,29,21106,30,8352,16852,20091],"class_list":{"0":"post-527878","1":"post","2":"type-post","3":"status-publish","4":"format-standard","5":"has-post-thumbnail","7":"category-brandenburg","8":"tag-aktuelle-nachrichten-aus-berlin-und-brandenburg","9":"tag-aktuelle-nachrichten-aus-brandenburg","10":"tag-aktuelle-news-aus-berlin-und-brandenburg","11":"tag-aktuelle-news-aus-brandenburg","12":"tag-berlin","13":"tag-berlin-und-brandenburg","14":"tag-brandenburg","15":"tag-deutschland","16":"tag-elversberg","17":"tag-germany","18":"tag-hertha","19":"tag-mannschaft","20":"tag-power"},"share_on_mastodon":{"url":"https:\/\/pubeurope.com\/@de\/115439862028344123","error":""},"_links":{"self":[{"href":"https:\/\/www.europesays.com\/de\/wp-json\/wp\/v2\/posts\/527878","targetHints":{"allow":["GET"]}}],"collection":[{"href":"https:\/\/www.europesays.com\/de\/wp-json\/wp\/v2\/posts"}],"about":[{"href":"https:\/\/www.europesays.com\/de\/wp-json\/wp\/v2\/types\/post"}],"author":[{"embeddable":true,"href":"https:\/\/www.europesays.com\/de\/wp-json\/wp\/v2\/users\/2"}],"replies":[{"embeddable":true,"href":"https:\/\/www.europesays.com\/de\/wp-json\/wp\/v2\/comments?post=527878"}],"version-history":[{"count":0,"href":"https:\/\/www.europesays.com\/de\/wp-json\/wp\/v2\/posts\/527878\/revisions"}],"wp:featuredmedia":[{"embeddable":true,"href":"https:\/\/www.europesays.com\/de\/wp-json\/wp\/v2\/media\/527879"}],"wp:attachment":[{"href":"https:\/\/www.europesays.com\/de\/wp-json\/wp\/v2\/media?parent=527878"}],"wp:term":[{"taxonomy":"category","embeddable":true,"href":"https:\/\/www.europesays.com\/de\/wp-json\/wp\/v2\/categories?post=527878"},{"taxonomy":"post_tag","embeddable":true,"href":"https:\/\/www.europesays.com\/de\/wp-json\/wp\/v2\/tags?post=527878"}],"curies":[{"name":"wp","href":"https:\/\/api.w.org\/{rel}","templated":true}]}}