{"id":527888,"date":"2025-10-26T09:58:18","date_gmt":"2025-10-26T09:58:18","guid":{"rendered":"https:\/\/www.europesays.com\/de\/527888\/"},"modified":"2025-10-26T09:58:18","modified_gmt":"2025-10-26T09:58:18","slug":"unfall-in-berlin-junge-8-angefahren-autofahrer-lacht-rast-davon-regional","status":"publish","type":"post","link":"https:\/\/www.europesays.com\/de\/527888\/","title":{"rendered":"Unfall in Berlin: Junge (8) angefahren! Autofahrer lacht, rast davon | Regional"},"content":{"rendered":"<p>Berlin \u2013 <b>Ein unfassbarer Fall besch\u00e4ftigt die Polizei im Bezirk Spandau: Nachdem ein Unbekannter einen kleinen Jungen angefahren hatte, fl\u00fcchtete er vom Unfallort, ohne zu helfen. Vorher lachte er das Opfer auch noch aus.<\/b><\/p>\n<p>Laut <a href=\"https:\/\/www.bild.de\/regional\/aktuelles\/polizei\/polizeieinsatz-alle-infos-76681760.bild.html\" class=\"text-link\" target=\"_blank\" rel=\"noopener\">Polizei<\/a> hatte der achtj\u00e4hrige Junge gegen 8.40 Uhr bei gr\u00fcner Ampel auf dem Gehweg der Havelschanze laufend die Neuendorfer Stra\u00dfe an der Kreuzung Askanierring\/Havelschanze\/Neuendorfer Stra\u00dfe \u00fcberquert.<\/p>\n<p>Dabei wurde er von dem Mercedes erfasst, der auf der Neuendorfer Stra\u00dfe in Richtung Streitstra\u00dfe unterwegs war. Der Autofahrer soll anschlie\u00dfend im Bereich einer Haltestelle angehalten, aus dem Fenster der Fahrerseite herausgeschaut und gelacht haben, bevor er vom Unfallort fl\u00fcchtete.<\/p>\n<p>Horterzieherin ruft keine Hilfe<\/p>\n<p>Der Junge \u2013 er lebt in einem Kinderheim \u2013 erlitt eine Verletzung an der Nase und sp\u00fcrte Schmerzen in seiner linken K\u00f6rperh\u00e4lfte. Unter Schock ging er vom Unfallort in seinen Hort und berichtete dort der Erzieherin vom <a href=\"https:\/\/www.bild.de\/themen\/ereignisse\/unfaelle\/auto-news-fotos-videos-17004002.bild.html\" class=\"text-link\" target=\"_blank\" rel=\"noopener\">Unfall<\/a>. Diese soll jedoch weder die Betreuerin in dem Heim noch medizinische Hilfe hinzugerufen haben.<\/p>\n<p>Mehr zum Thema<\/p>\n<p>Der Achtj\u00e4hrige blieb trotz andauernder Schmerzen weiter im Kinderhort, bis er schlie\u00dflich gegen Mittag selbst seine Betreuerin anrief, die ihn sofort abholte und mit ihm zusammen bei einem Polizeiabschnitt Anzeige erstattete.<\/p>\n<p>Dorthin wurden ebenfalls Rettungskr\u00e4fte der Berliner <a href=\"https:\/\/www.bild.de\/themen\/organisationen\/feuerwehr\/politik-nachrichten-news-fotos-videos-20421624.bild.html\" class=\"text-link\" target=\"_blank\" rel=\"noopener\">Feuerwehr<\/a> alarmiert, die den Jungen in Begleitung seiner Betreuerin in ein <a href=\"https:\/\/www.bild.de\/themen\/organisationen\/krankenhaus\/krankenhaus-nachrichten-news-fotos-videos-42750176.bild.html\" class=\"text-link\" target=\"_blank\" rel=\"noopener\">Krankenhaus<\/a> brachten, wo er station\u00e4r aufgenommen wurde.<\/p>\n<p><b>Hinweise zu dem Zwischenfall nimmt jede Polizeidienststelle entgegen.<\/b><\/p>\n","protected":false},"excerpt":{"rendered":"Berlin \u2013 Ein unfassbarer Fall besch\u00e4ftigt die Polizei im Bezirk Spandau: Nachdem ein Unbekannter einen kleinen Jungen angefahren&hellip;\n","protected":false},"author":2,"featured_media":527889,"comment_status":"","ping_status":"","sticky":false,"template":"","format":"standard","meta":{"footnotes":""},"categories":[1825],"tags":[296,29,5516,30,121,529,45,2624,1995],"class_list":{"0":"post-527888","1":"post","2":"type-post","3":"status-publish","4":"format-standard","5":"has-post-thumbnail","7":"category-berlin","8":"tag-berlin","9":"tag-deutschland","10":"tag-fahrerflucht","11":"tag-germany","12":"tag-polizei","13":"tag-spandau","14":"tag-texttospeech","15":"tag-unfaelle","16":"tag-verbrechen"},"share_on_mastodon":{"url":"https:\/\/pubeurope.com\/@de\/115439881759021919","error":""},"_links":{"self":[{"href":"https:\/\/www.europesays.com\/de\/wp-json\/wp\/v2\/posts\/527888","targetHints":{"allow":["GET"]}}],"collection":[{"href":"https:\/\/www.europesays.com\/de\/wp-json\/wp\/v2\/posts"}],"about":[{"href":"https:\/\/www.europesays.com\/de\/wp-json\/wp\/v2\/types\/post"}],"author":[{"embeddable":true,"href":"https:\/\/www.europesays.com\/de\/wp-json\/wp\/v2\/users\/2"}],"replies":[{"embeddable":true,"href":"https:\/\/www.europesays.com\/de\/wp-json\/wp\/v2\/comments?post=527888"}],"version-history":[{"count":0,"href":"https:\/\/www.europesays.com\/de\/wp-json\/wp\/v2\/posts\/527888\/revisions"}],"wp:featuredmedia":[{"embeddable":true,"href":"https:\/\/www.europesays.com\/de\/wp-json\/wp\/v2\/media\/527889"}],"wp:attachment":[{"href":"https:\/\/www.europesays.com\/de\/wp-json\/wp\/v2\/media?parent=527888"}],"wp:term":[{"taxonomy":"category","embeddable":true,"href":"https:\/\/www.europesays.com\/de\/wp-json\/wp\/v2\/categories?post=527888"},{"taxonomy":"post_tag","embeddable":true,"href":"https:\/\/www.europesays.com\/de\/wp-json\/wp\/v2\/tags?post=527888"}],"curies":[{"name":"wp","href":"https:\/\/api.w.org\/{rel}","templated":true}]}}