{"id":527931,"date":"2025-10-26T10:23:20","date_gmt":"2025-10-26T10:23:20","guid":{"rendered":"https:\/\/www.europesays.com\/de\/527931\/"},"modified":"2025-10-26T10:23:20","modified_gmt":"2025-10-26T10:23:20","slug":"neue-rheinfaehre-altrip-nimmt-am-sonntag-betrieb-auf","status":"publish","type":"post","link":"https:\/\/www.europesays.com\/de\/527931\/","title":{"rendered":"Neue Rheinf\u00e4hre Altrip nimmt am Sonntag Betrieb auf"},"content":{"rendered":"<p>Am Samstag war sie offiziell eingeweiht worden. Die ganze Woche sind unter anderem die sechs F\u00e4hrf\u00fchrer eingewiesen worden, damit sie mit dem neuen Schiff klar kommen. Auch die Deckmannschaft ist geschult worden, sagte der Gesch\u00e4ftsf\u00fchrer der Rheinf\u00e4hre Altrip, J\u00fcrgen Jacob dem SWR.<\/p>\n<p>Einweihung mit Weinflasche und Schaulustigen<\/p>\n<p>Am Samstag fand dann die Einweihung der F\u00e4hre statt. Winzerin Katharina Krieger \u00f6ffnete eine Weinflasche an Board und viele Schaulustige aus Altrip und Mannheim nahmen an der ersten \u00dcberfahrt teil. Der Name der neuen F\u00e4hre: Alma. Eine Kombination der beiden Anlegest\u00e4dte Altrip und Mannheim. <\/p>\n<p>Die neue F\u00e4hre wird k\u00fcnftig mit 35 deutlich mehr Autos pro Fahrt bef\u00f6rdern k\u00f6nnen als die alte, was die Wartezeit im Berufsverkehr zwischen Mannheim und Altrip verk\u00fcrzen soll. Zudem kann die neue F\u00e4hre zwei Lkw zu je 40 Tonnen Gewicht transportieren.<\/p>\n<p>Kostenpunkt: rund acht Millionen Euro<\/p>\n<p>Die etwa acht Millionen Euro teure F\u00e4hre ist gr\u00f6\u00dfer als die alte und wird elektrisch betrieben. Sie soll pro Jahr rund eine halbe Million Autos und 150.000 Fu\u00dfg\u00e4nger und Fahrradfahrer \u00fcber den Rhein bringen. <\/p>\n","protected":false},"excerpt":{"rendered":"Am Samstag war sie offiziell eingeweiht worden. Die ganze Woche sind unter anderem die sechs F\u00e4hrf\u00fchrer eingewiesen worden,&hellip;\n","protected":false},"author":2,"featured_media":527932,"comment_status":"","ping_status":"","sticky":false,"template":"","format":"standard","meta":{"footnotes":""},"categories":[1845],"tags":[1634,3364,29,548,663,3934,30,13,2096,14,15,12],"class_list":{"0":"post-527931","1":"post","2":"type-post","3":"status-publish","4":"format-standard","5":"has-post-thumbnail","7":"category-mannheim","8":"tag-baden-wuerttemberg","9":"tag-de","10":"tag-deutschland","11":"tag-eu","12":"tag-europa","13":"tag-europe","14":"tag-germany","15":"tag-headlines","16":"tag-mannheim","17":"tag-nachrichten","18":"tag-news","19":"tag-schlagzeilen"},"share_on_mastodon":{"url":"https:\/\/pubeurope.com\/@de\/115439980017232672","error":""},"_links":{"self":[{"href":"https:\/\/www.europesays.com\/de\/wp-json\/wp\/v2\/posts\/527931","targetHints":{"allow":["GET"]}}],"collection":[{"href":"https:\/\/www.europesays.com\/de\/wp-json\/wp\/v2\/posts"}],"about":[{"href":"https:\/\/www.europesays.com\/de\/wp-json\/wp\/v2\/types\/post"}],"author":[{"embeddable":true,"href":"https:\/\/www.europesays.com\/de\/wp-json\/wp\/v2\/users\/2"}],"replies":[{"embeddable":true,"href":"https:\/\/www.europesays.com\/de\/wp-json\/wp\/v2\/comments?post=527931"}],"version-history":[{"count":0,"href":"https:\/\/www.europesays.com\/de\/wp-json\/wp\/v2\/posts\/527931\/revisions"}],"wp:featuredmedia":[{"embeddable":true,"href":"https:\/\/www.europesays.com\/de\/wp-json\/wp\/v2\/media\/527932"}],"wp:attachment":[{"href":"https:\/\/www.europesays.com\/de\/wp-json\/wp\/v2\/media?parent=527931"}],"wp:term":[{"taxonomy":"category","embeddable":true,"href":"https:\/\/www.europesays.com\/de\/wp-json\/wp\/v2\/categories?post=527931"},{"taxonomy":"post_tag","embeddable":true,"href":"https:\/\/www.europesays.com\/de\/wp-json\/wp\/v2\/tags?post=527931"}],"curies":[{"name":"wp","href":"https:\/\/api.w.org\/{rel}","templated":true}]}}