{"id":527948,"date":"2025-10-26T10:33:13","date_gmt":"2025-10-26T10:33:13","guid":{"rendered":"https:\/\/www.europesays.com\/de\/527948\/"},"modified":"2025-10-26T10:33:13","modified_gmt":"2025-10-26T10:33:13","slug":"ehemaliger-bayern-star-als-trainer-gefeuert-sport","status":"publish","type":"post","link":"https:\/\/www.europesays.com\/de\/527948\/","title":{"rendered":"Ehemaliger Bayern-Star als Trainer gefeuert | Sport"},"content":{"rendered":"<p><b>Das Gastspiel w\u00e4hrte nur kurz.<\/b><\/p>\n<p>Der fr\u00fchere Bundesliga-Profi Vahid Hashemian (49) ist nach nur acht Spieltagen vom iranischen Rekordmeister FC Persepolis freigestellt worden. <\/p>\n<p>Mehr zum Thema<\/p>\n<p>Laut mehreren Medienberichten verpflichtete der Verein den Brasilianer Osmar Loss Vieira als seinen Nachfolger. Ausschlaggebend f\u00fcr das fr\u00fche Aus des einstigen St\u00fcrmers waren die entt\u00e4uschenden Ergebnisse. Nur zwei Siege aus acht Partien waren f\u00fcr den ambitionierten Titelanw\u00e4rter und dessen Fans nicht tragbar.<\/p>\n<p><b>Hashemian war im Juli rund zw\u00f6lf Jahre nach seinem Karriereende als Cheftrainer zu Persepolis zur\u00fcckgekehrt. Mit deutschen Tugenden sollte der Iraner, der mehr als 20 Jahre in Deutschland lebte, den landesweit beliebten Hauptstadtklub erneut zum Titel f\u00fchren \u2013 aber der erhoffte sportliche Erfolg blieb aus. <\/b><\/p>\n<p>Auch lokale Medien kritisierten ihn mehrfach als Fehlbesetzung. Persepolis wollte ihn dennoch weiterhin als Sportdirektor behalten, doch Hashemian zeigte bislang kein Interesse an dem Angebot.<\/p>\n<p>Hashemian (50 L\u00e4nderspiele f\u00fcr den Iran) spielte knapp zehn Jahre in der Bundesliga (208 Spiele, 38 Tore). Zun\u00e4chst f\u00fcr den <a href=\"https:\/\/www.bild.de\/sport\/fussball\/hsv\/startseite-hsv-31074410.bild.html\" class=\"text-link\" target=\"_blank\" rel=\"noopener\">Hamburger SV<\/a>, anschlie\u00dfend f\u00fcr den VfL Bochum, wo er die beste Zeit seiner Karriere hatte. 2004\/05 holte ihn der <a href=\"https:\/\/www.bild.de\/sport\/fussball\/bayern-muenchen\/startseite-fc-bayern-muenchen-31074450.bild.html\" class=\"text-link\" target=\"_blank\" rel=\"noopener\">FC Bayern<\/a> (Double 2005), von da aus ging es zu Hannover 96, bevor er nach Bochum zur\u00fcckkehrte. Seine Karriere beendete er 2012 eben bei Persepolis. <\/p>\n<p><b>Dort hatte er nun auch seine erste Station als Cheftrainer im Profibereich, nachdem er zuvor drei Jahre Co-Trainer der iranischen Nationalmannschaft \u2013 u.a. unter Marc Wilmots \u2013 war. <\/b><\/p>\n<p>BILD-Fu\u00dfball-Chef: Was mir M\u00fcller \u00fcber Karl sagte<a class=\"anchor video-teaser__anchor\" href=\"https:\/\/www.bild.de\/sport\/fussball\/bild-fussball-chef-was-mir-mueller-ueber-karl-sagte-68fb639c9b0d2f56f665abbc\" target=\"_blank\" rel=\"noopener\"><img decoding=\"async\" width=\"992\" height=\"558\" alt=\"Teaser-Bild\" src=\"https:\/\/www.europesays.com\/de\/wp-content\/uploads\/2025\/10\/748adac5227b236959400022a978dc9a-landscape,f42f05d5\"   class=\"landscape teaser__image\" loading=\"lazy\"\/><\/a><\/p>\n<p>Quelle: BILD24.10.2025<\/p>\n","protected":false},"excerpt":{"rendered":"Das Gastspiel w\u00e4hrte nur kurz. Der fr\u00fchere Bundesliga-Profi Vahid Hashemian (49) ist nach nur acht Spieltagen vom iranischen&hellip;\n","protected":false},"author":2,"featured_media":527949,"comment_status":"","ping_status":"","sticky":false,"template":"","format":"standard","meta":{"footnotes":""},"categories":[1839],"tags":[1263,7507,3364,29,538,30,345,129936,1209,129935,4770,45,1261],"class_list":{"0":"post-527948","1":"post","2":"type-post","3":"status-publish","4":"format-standard","5":"has-post-thumbnail","7":"category-bochum","8":"tag-aufmacher-bereich","9":"tag-bochum","10":"tag-de","11":"tag-deutschland","12":"tag-erste-bundesliga","13":"tag-germany","14":"tag-iran","15":"tag-nationalmannschaft-iran","16":"tag-nordrhein-westfalen","17":"tag-persepolis-teheran","18":"tag-ronaldo-cristiano","19":"tag-texttospeech","20":"tag-toralarm-top-news"},"share_on_mastodon":{"url":"https:\/\/pubeurope.com\/@de\/115440020389630521","error":""},"_links":{"self":[{"href":"https:\/\/www.europesays.com\/de\/wp-json\/wp\/v2\/posts\/527948","targetHints":{"allow":["GET"]}}],"collection":[{"href":"https:\/\/www.europesays.com\/de\/wp-json\/wp\/v2\/posts"}],"about":[{"href":"https:\/\/www.europesays.com\/de\/wp-json\/wp\/v2\/types\/post"}],"author":[{"embeddable":true,"href":"https:\/\/www.europesays.com\/de\/wp-json\/wp\/v2\/users\/2"}],"replies":[{"embeddable":true,"href":"https:\/\/www.europesays.com\/de\/wp-json\/wp\/v2\/comments?post=527948"}],"version-history":[{"count":0,"href":"https:\/\/www.europesays.com\/de\/wp-json\/wp\/v2\/posts\/527948\/revisions"}],"wp:featuredmedia":[{"embeddable":true,"href":"https:\/\/www.europesays.com\/de\/wp-json\/wp\/v2\/media\/527949"}],"wp:attachment":[{"href":"https:\/\/www.europesays.com\/de\/wp-json\/wp\/v2\/media?parent=527948"}],"wp:term":[{"taxonomy":"category","embeddable":true,"href":"https:\/\/www.europesays.com\/de\/wp-json\/wp\/v2\/categories?post=527948"},{"taxonomy":"post_tag","embeddable":true,"href":"https:\/\/www.europesays.com\/de\/wp-json\/wp\/v2\/tags?post=527948"}],"curies":[{"name":"wp","href":"https:\/\/api.w.org\/{rel}","templated":true}]}}