{"id":529297,"date":"2025-10-26T23:37:19","date_gmt":"2025-10-26T23:37:19","guid":{"rendered":"https:\/\/www.europesays.com\/de\/529297\/"},"modified":"2025-10-26T23:37:19","modified_gmt":"2025-10-26T23:37:19","slug":"sachsen-abfischen-am-moritzburger-schloss-lockt-tausende-besucher-an","status":"publish","type":"post","link":"https:\/\/www.europesays.com\/de\/529297\/","title":{"rendered":"Sachsen: Abfischen am Moritzburger Schloss lockt tausende Besucher an"},"content":{"rendered":"<p>                    Sachsen<br \/>\n                Abfischen am Moritzburger Schloss lockt tausende Besucher an<\/p>\n<p>\t\t\t\t              26.10.2025, 17:08 Uhr<\/p>\n<p><strong>Das Fisch- und Waldfest in Moritzburg ist jedes Jahr ein Besuchermagnet. Ein Highlight: das Abfischen des Moritzburger Schlossteiches. Das Wetter ist am Sonntag allerdings durchwachsen.<\/strong><\/p>\n<p>Moritzburg (dpa\/sn) &#8211; Tausende Schaulustige haben sich am Wochenende zum traditionellen Abfischen des Moritzburger Schlossteiches im Norden von Dresden versammelt. Bis zum Sonntag wurden die Karpfenteiche rund um das bekannte Jagdschloss von der Teichwirtschaft Moritzburg abgefischt.\u00a0<\/p>\n<p>W\u00e4hrend am Samstag sonniges Herbstwetter zahlreiche Menschen anlockte, machte am Sonntag st\u00fcrmisches Wetter und Regen H\u00e4ndlern und Besuchern teils einen Strich durch die Rechnung. &#8222;Der Vormittag war noch gut&#8220;, sagte Gundula Bleul, Gesch\u00e4ftsf\u00fchrerin der Kulturlandschaft Moritzburg. Am Nachmittag mussten allerdings Veranstaltungen wie die Greifvogelshow abgesagt werden, die H\u00e4ndler haben ihre St\u00e4nde wegen des st\u00fcrmischen Wetters teils eher abgebaut.\u00a0<\/p>\n<p>Ersten Sch\u00e4tzungen zufolge kamen am Samstag zwischen 10.000 und 12.000 Besucher, am Sonntag rund 5.000 Menschen. &#8222;Damit sind wir zufrieden trotz des Wetters&#8220;, so Bleul.\u00a0<\/p>\n<p>Frischer Karpfen und Showkochen<\/p>\n<p>Frischer Fisch konnte vor Ort gekauft oder etwa beim Showkochen verkostet werden. Die pr\u00e4chtigsten Exemplare wurden im Festzelt versteigert, der Erl\u00f6s ist f\u00fcr einen guten Zweck.<\/p>\n<p>Nach einer Viruserkrankung 2024 sind in diesem Jahr nach Angaben vom Chef der Teichwirtschaft Moritzburg, Henry Lindner, neue Karpfen in den Teich gesetzt worden. &#8222;Der erste Fischzug hat gezeigt, dass die Karpfen normal gewachsen sind&#8220;, sagte Lindner. Wie die Karpfenernte ausfalle, lasse sich erst nach dem Ende der Fischz\u00fcge sagen. Der Teichwirt geht von einer normalen Ernte aus und hofft auf rund sieben Tonnen Karpfen. &#8222;Im Teich ist noch einiges drin.&#8220;<\/p>\n<p>Die Fischz\u00fcge bilden den H\u00f6hepunkt des Moritzburger Fisch- und Waldfestes. Im vergangenen Jahr kamen rund 30.000 G\u00e4ste nach Moritzburg.<\/p>\n","protected":false},"excerpt":{"rendered":"Sachsen Abfischen am Moritzburger Schloss lockt tausende Besucher an 26.10.2025, 17:08 Uhr Das Fisch- und Waldfest in Moritzburg&hellip;\n","protected":false},"author":2,"featured_media":529298,"comment_status":"","ping_status":"","sticky":false,"template":"","format":"standard","meta":{"footnotes":""},"categories":[1835],"tags":[129677,6151,3364,29,2386,30,61504,859,13597],"class_list":{"0":"post-529297","1":"post","2":"type-post","3":"status-publish","4":"format-standard","5":"has-post-thumbnail","7":"category-dresden","8":"tag-abfischen","9":"tag-besucher","10":"tag-de","11":"tag-deutschland","12":"tag-dresden","13":"tag-germany","14":"tag-moritzburger","15":"tag-sachsen","16":"tag-schloss"},"share_on_mastodon":{"url":"https:\/\/pubeurope.com\/@de\/115443102134860031","error":""},"_links":{"self":[{"href":"https:\/\/www.europesays.com\/de\/wp-json\/wp\/v2\/posts\/529297","targetHints":{"allow":["GET"]}}],"collection":[{"href":"https:\/\/www.europesays.com\/de\/wp-json\/wp\/v2\/posts"}],"about":[{"href":"https:\/\/www.europesays.com\/de\/wp-json\/wp\/v2\/types\/post"}],"author":[{"embeddable":true,"href":"https:\/\/www.europesays.com\/de\/wp-json\/wp\/v2\/users\/2"}],"replies":[{"embeddable":true,"href":"https:\/\/www.europesays.com\/de\/wp-json\/wp\/v2\/comments?post=529297"}],"version-history":[{"count":0,"href":"https:\/\/www.europesays.com\/de\/wp-json\/wp\/v2\/posts\/529297\/revisions"}],"wp:featuredmedia":[{"embeddable":true,"href":"https:\/\/www.europesays.com\/de\/wp-json\/wp\/v2\/media\/529298"}],"wp:attachment":[{"href":"https:\/\/www.europesays.com\/de\/wp-json\/wp\/v2\/media?parent=529297"}],"wp:term":[{"taxonomy":"category","embeddable":true,"href":"https:\/\/www.europesays.com\/de\/wp-json\/wp\/v2\/categories?post=529297"},{"taxonomy":"post_tag","embeddable":true,"href":"https:\/\/www.europesays.com\/de\/wp-json\/wp\/v2\/tags?post=529297"}],"curies":[{"name":"wp","href":"https:\/\/api.w.org\/{rel}","templated":true}]}}