{"id":529641,"date":"2025-10-27T03:27:16","date_gmt":"2025-10-27T03:27:16","guid":{"rendered":"https:\/\/www.europesays.com\/de\/529641\/"},"modified":"2025-10-27T03:27:16","modified_gmt":"2025-10-27T03:27:16","slug":"suedchinesisches-meer-us-kampfjet-und-helikopter-abgestuerzt","status":"publish","type":"post","link":"https:\/\/www.europesays.com\/de\/529641\/","title":{"rendered":"S\u00fcdchinesisches Meer: US-Kampfjet und Helikopter abgest\u00fcrzt"},"content":{"rendered":"<p>Im S\u00fcdchinesischen Meer <\/p>\n<p>US-Kampfjet und Helikopter abgest\u00fcrzt<\/p>\n<p>Aktualisiert am 27.10.2025 &#8211; 03:10 UhrLesedauer: 1 Min.<\/p>\n<p><a href=\"#focus-0\" class=\"transition-colors duration-200 block text-current relative\" data-sctrack=\"FocusGalleryImage.Reference\"><img fetchpriority=\"high\" data-testid=\"Opener.Image\" style=\"--lqipURL:url('https:\/\/images.t-online.de\/2025\/10\/Ihl-ypYVHYFz\/0x107:2048x1152\/fit-in\/150x0\/filters:blur(25)\/ein-kampfflugzeug-typ-f-a-18f-super-hornet-startet-vom-flugzeugtraeger-uss-dwight-d-eisenhower-cvn-69-auch-bekannt-als-ike-zu-dpa-us-kampfjet-und-helikopter-im-suedchinesischen-meer-abgestuerzt.jpg')\"   loading=\"eager\" src=\"https:\/\/www.europesays.com\/de\/wp-content\/uploads\/2025\/10\/ein-kampfflugzeug-typ-f-a-18f-super-hornet-startet-vom-flugzeugtraeger-uss-dwight-d-eisenhower-cvn-6.jpeg\" alt=\"Kampfflugzeug Typ F\/A-18F Super Hornet\" title=\"Kampfflugzeug Typ F\/A-18F Super Hornet\" width=\"2048\" height=\"1152\" class=\"bg-[url:var(--lqipURL)] bg-cover bg-center flex h-full w-full max-w-full\" decoding=\"async\"\/><img style=\"--width:32;--height:32\" loading=\"lazy\" src=\"https:\/\/www.t-online.de\/s\/paper\/_next\/static\/media\/zoom-in.f7dae02f.svg\" alt=\"Vergr\u00f6\u00dfern des Bildes\" title=\"Vergr\u00f6\u00dfern des Bildes\" class=\"block h-[calc(var(--height)_\/_16_*_1rem)] w-[calc(var(--width)_\/_16_*_1rem)] max-w-none absolute bottom-8 right-8 rounded-4 bg-snow p-8\" decoding=\"async\"\/><\/a><\/p>\n<p>Ein Kampfflugzeug vom Typ F\/A-18F Super Hornet startet vom Flugzeugtr\u00e4ger &#8222;USS Dwight D. Eisenhower&#8220;. (Quelle: Bernat Armangue\/AP\/dpa\/dpa-bilder)<\/p>\n<p class=\"font-bold text-18 leading-17\">Sie starteten von einem US-Flugzeugtr\u00e4ger f\u00fcr einen Routineeinsatz. Doch kurz hintereinander st\u00fcrzten ein Kampfflugzeug und ein Hubschrauber ab.<\/p>\n<p class=\"text-18 leading-17\">Ein von einem US-Flugzeugtr\u00e4ger gestartetes Kampfflugzeug und ein Milit\u00e4rhubschrauber sind innerhalb kurzer Zeit nacheinander im S\u00fcdchinesischen Meer abgest\u00fcrzt.<\/p>\n<p class=\"text-18 leading-17\">Alle Besatzungsmitglieder seien gerettet worden und in stabilem Zustand, erkl\u00e4rte die Pazifikflotte des US-Milit\u00e4rs auf der Plattform X. Die Ursache beider Vorf\u00e4lle werde untersucht.<\/p>\n<p class=\"text-18 leading-17\">Nach dem Start vom Flugzeugtr\u00e4ger &#8222;USS Nimitz&#8220; st\u00fcrzte der Helikopter des Typs MH-60R Sea Hawk am Sonntagnachmittag gegen 14.45 Uhr (Ortszeit) bei einem Routineeinsatz ab. Die drei Crew-Mitglieder konnten gerettet werden.<\/p>\n<p class=\"text-18 leading-17\">Im Anschluss, etwa gegen 15.15 Uhr (Ortszeit), st\u00fcrzte der Kampfjet des Typs F\/A-18F Super Hornet ins S\u00fcdchinesische Meer. Er war demnach ebenfalls auf einem Routineeinsatz unterwegs. Beide Crew-Mitglieder wurden gerettet. <\/p>\n<p class=\"text-18 leading-17\">Das US-Milit\u00e4r machte keine Angaben dazu, wo genau im S\u00fcdchinesischen Meer es zu den beiden Abst\u00fcrzen kam. Die US-Marine ist regelm\u00e4\u00dfig in internationalen Gew\u00e4ssern im S\u00fcdchinesischen Meer im Einsatz \u2013 auch mit dem erkl\u00e4rten Ziel, die Freiheit der Schifffahrt in dem Gebiet aufrechtzuerhalten, durch das wichtige Handelsrouten verlaufen.<\/p>\n<p class=\"text-18 leading-17\">China reklamiert praktisch das gesamte S\u00fcdchinesische Meer f\u00fcr sich. Allerdings beanspruchen dort auch die <a class=\"transition-colors duration-200 cursor-pointer text-inherit no-underline text-salemsfur md:hover:text-magenta md:hover:border-magenta md:focus:text-magenta border-current border-b border-solid break-words\" href=\"https:\/\/www.t-online.de\/themen\/philippinen\/\" data-sctrack=\"BodyAnchor\" target=\"_blank\" rel=\"noopener\">Philippinen<\/a>, <a class=\"transition-colors duration-200 cursor-pointer text-inherit no-underline text-salemsfur md:hover:text-magenta md:hover:border-magenta md:focus:text-magenta border-current border-b border-solid break-words\" href=\"https:\/\/www.t-online.de\/themen\/vietnam\/\" data-sctrack=\"BodyAnchor\" target=\"_blank\" rel=\"noopener\">Vietnam<\/a>, <a class=\"transition-colors duration-200 cursor-pointer text-inherit no-underline text-salemsfur md:hover:text-magenta md:hover:border-magenta md:focus:text-magenta border-current border-b border-solid break-words\" href=\"https:\/\/www.t-online.de\/themen\/malaysia\/\" data-sctrack=\"BodyAnchor\" target=\"_blank\" rel=\"noopener\">Malaysia<\/a>, <a class=\"transition-colors duration-200 cursor-pointer text-inherit no-underline text-salemsfur md:hover:text-magenta md:hover:border-magenta md:focus:text-magenta border-current border-b border-solid break-words\" href=\"https:\/\/www.t-online.de\/themen\/taiwan\/\" data-sctrack=\"BodyAnchor\" target=\"_blank\" rel=\"noopener\">Taiwan<\/a> und Brunei Gebiete. Die USA und Chinas Nachbarn werfen <a class=\"transition-colors duration-200 cursor-pointer text-inherit no-underline text-salemsfur md:hover:text-magenta md:hover:border-magenta md:focus:text-magenta border-current border-b border-solid break-words\" href=\"https:\/\/www.t-online.de\/themen\/peking\/\" data-sctrack=\"BodyAnchor\" target=\"_blank\" rel=\"noopener\">Peking<\/a> eine zunehmende Militarisierung der Region vor. Der internationale Schiedsgerichtshof in Den Haag wies Pekings Gebietsanspr\u00fcche 2016 zur\u00fcck. China ignoriert das Urteil aber.<\/p>\n","protected":false},"excerpt":{"rendered":"Im S\u00fcdchinesischen Meer US-Kampfjet und Helikopter abgest\u00fcrzt Aktualisiert am 27.10.2025 &#8211; 03:10 UhrLesedauer: 1 Min. Ein Kampfflugzeug vom&hellip;\n","protected":false},"author":2,"featured_media":529642,"comment_status":"","ping_status":"","sticky":false,"template":"","format":"standard","meta":{"footnotes":""},"categories":[3],"tags":[1217,227,130274,13,23442,2954,33687,451,14,15,14780,12,54963,10,8,9,11,14953,103,104],"class_list":{"0":"post-529641","1":"post","2":"type-post","3":"status-publish","4":"format-standard","5":"has-post-thumbnail","7":"category-welt","8":"tag-1217","9":"tag-china","10":"tag-d-eisenhower","11":"tag-headlines","12":"tag-helikopter","13":"tag-hubschrauber","14":"tag-kampfflugzeug","15":"tag-militaer","16":"tag-nachrichten","17":"tag-news","18":"tag-routineeinsatz","19":"tag-schlagzeilen","20":"tag-suedchinesisches-meer","21":"tag-top-news","22":"tag-top-meldungen","23":"tag-topmeldungen","24":"tag-topnews","25":"tag-us-militaer","26":"tag-welt","27":"tag-world"},"share_on_mastodon":{"url":"https:\/\/pubeurope.com\/@de\/115444007902801209","error":""},"_links":{"self":[{"href":"https:\/\/www.europesays.com\/de\/wp-json\/wp\/v2\/posts\/529641","targetHints":{"allow":["GET"]}}],"collection":[{"href":"https:\/\/www.europesays.com\/de\/wp-json\/wp\/v2\/posts"}],"about":[{"href":"https:\/\/www.europesays.com\/de\/wp-json\/wp\/v2\/types\/post"}],"author":[{"embeddable":true,"href":"https:\/\/www.europesays.com\/de\/wp-json\/wp\/v2\/users\/2"}],"replies":[{"embeddable":true,"href":"https:\/\/www.europesays.com\/de\/wp-json\/wp\/v2\/comments?post=529641"}],"version-history":[{"count":0,"href":"https:\/\/www.europesays.com\/de\/wp-json\/wp\/v2\/posts\/529641\/revisions"}],"wp:featuredmedia":[{"embeddable":true,"href":"https:\/\/www.europesays.com\/de\/wp-json\/wp\/v2\/media\/529642"}],"wp:attachment":[{"href":"https:\/\/www.europesays.com\/de\/wp-json\/wp\/v2\/media?parent=529641"}],"wp:term":[{"taxonomy":"category","embeddable":true,"href":"https:\/\/www.europesays.com\/de\/wp-json\/wp\/v2\/categories?post=529641"},{"taxonomy":"post_tag","embeddable":true,"href":"https:\/\/www.europesays.com\/de\/wp-json\/wp\/v2\/tags?post=529641"}],"curies":[{"name":"wp","href":"https:\/\/api.w.org\/{rel}","templated":true}]}}