{"id":529686,"date":"2025-10-27T03:59:59","date_gmt":"2025-10-27T03:59:59","guid":{"rendered":"https:\/\/www.europesays.com\/de\/529686\/"},"modified":"2025-10-27T03:59:59","modified_gmt":"2025-10-27T03:59:59","slug":"segeln-biotherm-siegt-auf-fuenfter-etappe-und-gewinnt-das-ocean-race-europe","status":"publish","type":"post","link":"https:\/\/www.europesays.com\/de\/529686\/","title":{"rendered":"Segeln: Biotherm siegt auf f\u00fcnfter Etappe und gewinnt das Ocean Race Europe"},"content":{"rendered":"<p>            <img loading=\"lazy\" decoding=\"async\" class=\"ts-image\" src=\"https:\/\/www.europesays.com\/de\/wp-content\/uploads\/2025\/10\/segeln-492.jpg\" alt=\"Die Biotherm-Crew jubelt mit aufblasbaren Musikinstrumenten.\" title=\"Die Biotherm-Crew jubelt mit aufblasbaren Musikinstrumenten. | Vincent Curutchet \/ The Ocean Race Europe 2025\"\/><\/p>\n<p class=\"metatextline\">Stand: 16.09.2025 20:12 Uhr<\/p>\n<p class=\"textabsatz columns twelve  m-ten  m-offset-one l-eight l-offset-two\">\n        <strong>Biotherm hat die zweite Ausgabe des Ocean Race Europe gewonnen. Das franz\u00f6sische Team sicherte sich den Erfolg durch den Sieg auf der letzten Etappe in der montenegrinischen Boka Bucht. Die Malizia um Boris Herrmann wurde auf dem letzten Teilst\u00fcck Dritter.<\/strong>\n    <\/p>\n<p class=\"textabsatz m-ten m-offset-one l-eight l-offset-two columns twelve\">Biotherm ist durch den Sieg bei der letzten Etappe der erste Platz der Gesamtwertung nicht mehr zu nehmen, daran kann auch das abschlie\u00dfende Hafenrennen am kommenden Sonnabend in Boka Bay nichts mehr ver\u00e4ndern. &#8222;Es ist fantastisch, dieses Ziel zu erreichen&#8220;, sagte Biotherm-Skipper Paul Meilhat: &#8222;Da haben wir drei Jahre lang drauf hingearbeitet.&#8220;<\/p>\n<p class=\"textabsatz m-ten m-offset-one l-eight l-offset-two columns twelve\">Am sp\u00e4ten Sonntagabend um 23.15 Uhr erreichten er und seine Crew nach 7 Tagen, 8 Stunden, 13 Minuten und 33 Sekunden den Zielhafen. 48 Minuten sp\u00e4ter folgte das Team Holcim. Um 1.26 Uhr kam der Hamburger Herrmann mit der Malizia nach 7 Tagen, 10 Stunden, 26 Minuten und 9 Sekunden als Dritter in Boka Bay an. Den vierten Rang belegte Allagrande Mapei Racing, den f\u00fcnften Platz Paprec Ark\u00e9a.<\/p>\n<p class=\"textabsatz m-ten m-offset-one l-eight l-offset-two columns twelve\">Knapp 2.000 Seemeilen legten die Imoca-Yachten auf dem letzten Teilst\u00fcck von Genua nach Boka Bay in Montenegro zur\u00fcck.<\/p>\n<p>    Herrmann gl\u00fccklich \u00fcber Podiumsplatz<\/p>\n<p class=\"textabsatz m-ten m-offset-one l-eight l-offset-two columns twelve\">Mit dem zweiten Podiumsplatz nach Rang zwei auf der Auftaktetappe von Kiel nach Portsmouth bescherte sich Team Malizia beim Abschiedsrennen mit Boris Herrmanns 2022 getaufter Malizia-Seaexplorer einen vers\u00f6hnlichen Abschluss. &#8222;Es ist fantastisch, das Rennen rund um Europa mit einem erneuten Podestplatz zu beenden, wie wir gehofft hatten&#8220;, sagte Herrmann nach der Ankunft in Boka Bay.<\/p>\n<p class=\"textabsatz m-ten m-offset-one l-eight l-offset-two columns twelve\">Eine Top-Drei-Position im Europa-Rennen kann Team Malizia bei insgesamt 23 Punkten und Platz f\u00fcnf nach f\u00fcnf Etappen nicht mehr erreichen.<\/p>\n<p class=\"textabsatz m-ten m-offset-one l-eight l-offset-two columns twelve\">1. Biotherm, 48 Punkte<br \/>2. Paprec Ark\u00e9a, 34 Punkte<br \/>3. Holcim &#8211; PRB, 33,5 Punkte (einschl. Wiedergutmachung 1. Etappe)<br \/>4. Allagrande Mapei Racing, 24 Punkte<br \/>5. Malizia, 23 Punkte<br \/>6. Be Water Positive, 15 Punkte<br \/>7. AMAALA, 8 Punkte<\/p>\n<p class=\"textabsatz m-ten m-offset-one l-eight l-offset-two columns twelve\">Beendet ist das Ocean Race noch nicht. In Boka Bay wird am kommenden Sonnabend noch ein Hafen-Rennen ausgetragen (<strong>ab 12 Uhr im Livestream bei NDR.de<\/strong>). Dort werden noch einmal Punkte wie bei einer &#8222;normalen&#8220; Etappe vergeben, Paprec Ark\u00e9a und Holcim duellieren sich dort immerhin noch um Rang zwei. Malizia geht als F\u00fcnfter der Gesamtwertung in das Hafenrennen und k\u00f6nnte noch Vierter werden.<\/p>\n<p>    Idealpunktzahl nach drei Etappen<\/p>\n<p class=\"textabsatz m-ten m-offset-one l-eight l-offset-two columns twelve\">Biotherm um den franz\u00f6sischen Skipper Paul Meilhat war von Beginn an das dominierende Team beim Ocean Race. Nach dem Start in Kiel sicherte sich die Crew an der Zwischenwertung die ersten beiden Punkte des Rennens &#8211; und sammelte anschlie\u00dfend weiter Z\u00e4hler um Z\u00e4hler.<\/p>\n<p class=\"textabsatz m-ten m-offset-one l-eight l-offset-two columns twelve\">Nach drei Etappen wies Biotherm die Maximalpunktzahl auf, hatte zu diesem Zeitpunkt alle Zwischenwertungen und Teilst\u00fccke f\u00fcr sich entschieden. Auch auf der vierten Etappe gewannen die Franzosen die Zwischenwertung, mussten sich aber im Ziel in Genua mit Rang drei begn\u00fcgen.<\/p>\n<p class=\"textabsatz m-ten m-offset-one l-eight l-offset-two columns twelve\">Dennoch stand der Gesamtsieg schon zu diesem Zeitpunkt so gut wie sicher fest, zu gro\u00df war der Vorsprung auf die Verfolger.<\/p>\n<p>                                        <a class=\"backlink__link\" href=\"https:\/\/www.ndr.de\/sport\/mehr_sport\/biotherm-gewinnt-ocean-race-europe,ocean-race-europe-108.html\" rel=\"nofollow noopener\" target=\"_blank\"><\/p>\n<p>                                                <img decoding=\"async\" src=\"https:\/\/images.sportschau.de\/image\/ca2f654f-8e2c-4fe0-b8ff-6dfa1edc3bd7\/AAABlap_iCs\/AAABmgWnBPY\/original\/lra-ndr-logo-100.svg\" alt=\"Norddeutscher Rundfunk\"\/><\/p>\n<p>                                        <\/a><\/p>\n","protected":false},"excerpt":{"rendered":"Stand: 16.09.2025 20:12 Uhr Biotherm hat die zweite Ausgabe des Ocean Race Europe gewonnen. Das franz\u00f6sische Team sicherte&hellip;\n","protected":false},"author":2,"featured_media":529687,"comment_status":"","ping_status":"","sticky":false,"template":"","format":"standard","meta":{"footnotes":"","_share_on_mastodon":"0"},"categories":[3933],"tags":[331,332,31231,548,663,158,3934,3935,13,14,15,12,31229],"class_list":["post-529686","post","type-post","status-publish","format-standard","has-post-thumbnail","category-eu","tag-aktuelle-nachrichten","tag-aktuelle-news","tag-boris-herrmann","tag-eu","tag-europa","tag-europaeische-union","tag-europe","tag-european-union","tag-headlines","tag-nachrichten","tag-news","tag-schlagzeilen","tag-segeln"],"share_on_mastodon":{"url":"https:\/\/pubeurope.com\/@de\/115444136323197887","error":""},"_links":{"self":[{"href":"https:\/\/www.europesays.com\/de\/wp-json\/wp\/v2\/posts\/529686","targetHints":{"allow":["GET"]}}],"collection":[{"href":"https:\/\/www.europesays.com\/de\/wp-json\/wp\/v2\/posts"}],"about":[{"href":"https:\/\/www.europesays.com\/de\/wp-json\/wp\/v2\/types\/post"}],"author":[{"embeddable":true,"href":"https:\/\/www.europesays.com\/de\/wp-json\/wp\/v2\/users\/2"}],"replies":[{"embeddable":true,"href":"https:\/\/www.europesays.com\/de\/wp-json\/wp\/v2\/comments?post=529686"}],"version-history":[{"count":0,"href":"https:\/\/www.europesays.com\/de\/wp-json\/wp\/v2\/posts\/529686\/revisions"}],"wp:featuredmedia":[{"embeddable":true,"href":"https:\/\/www.europesays.com\/de\/wp-json\/wp\/v2\/media\/529687"}],"wp:attachment":[{"href":"https:\/\/www.europesays.com\/de\/wp-json\/wp\/v2\/media?parent=529686"}],"wp:term":[{"taxonomy":"category","embeddable":true,"href":"https:\/\/www.europesays.com\/de\/wp-json\/wp\/v2\/categories?post=529686"},{"taxonomy":"post_tag","embeddable":true,"href":"https:\/\/www.europesays.com\/de\/wp-json\/wp\/v2\/tags?post=529686"}],"curies":[{"name":"wp","href":"https:\/\/api.w.org\/{rel}","templated":true}]}}