{"id":529722,"date":"2025-10-27T04:26:16","date_gmt":"2025-10-27T04:26:16","guid":{"rendered":"https:\/\/www.europesays.com\/de\/529722\/"},"modified":"2025-10-27T04:26:16","modified_gmt":"2025-10-27T04:26:16","slug":"pizzeria-belli-momenti-im-check","status":"publish","type":"post","link":"https:\/\/www.europesays.com\/de\/529722\/","title":{"rendered":"Pizzeria \u201eBelli Momenti\u201c im Check\u00a0"},"content":{"rendered":"<p>\t\tPizzeria \u201eBelli Momenti\u201c im Check<br \/>\n\t\t\t\t\tNeuer\u00f6ffnung k\u00f6nnte zum Renner im Dortmunder Westen werden<\/p>\n<p>\t\t<img alt=\"\" src=\"https:\/\/www.europesays.com\/de\/wp-content\/uploads\/2025\/04\/630_0036_48793_.jpg\"  class=\"avatar avatar-36 photo avatar-default\" height=\"36\" width=\"36\" loading=\"eager\" decoding=\"async\"\/>\t\t<a class=\"article-author__name\" href=\"https:\/\/www.ruhrnachrichten.de\/author\/beate-doennewald\/\" rel=\"author noopener\" target=\"_blank\">Beate D\u00f6nnewald<\/a><br \/>\n\t\tRedakteurin<\/p>\n<p>    <a href=\"https:\/\/www.ruhrnachrichten.de\/wp-content\/uploads\/2025\/10\/24\/16\/630_0900_5221106_-1648x824.jpg\" target=\"_blank\" rel=\"noopener\"><\/p>\n<p>            <img loading=\"lazy\" decoding=\"async\" src=\"https:\/\/www.europesays.com\/de\/wp-content\/uploads\/2025\/10\/630_0900_5221101_-640x428.jpg\" width=\"640\" height=\"428\"  alt=\"\"\/><\/p>\n<p>    <\/a><br \/>\n    Nicht nur der besondere Teig der Pizza in der neuen Pizzeria Belli Momenti im Dortmunder Westen begeisert uns. \u00a9 Peter Wulle<\/p>\n<p class=\"article__teaser-text\">In der gerade er\u00f6ffneten Pizzeria Belli Momenti im Dortmunder Westen soll es Pizza wie in Italien geben \u2013 mit einem besonderen Teig. Wir haben das Lokal getestet.<\/p>\n<p>4 Min Lesezeit<\/p>\n<p>Die SpeisekarteSo schmeckt es im Belli MomentiPreis-Leistungs-Verh\u00e4ltnisAmbiente und ServiceAnfahrt und Barrierefreiheit\u00d6ffnungszeitenDas sagen andere G\u00e4steWeitere Adressen f\u00fcr gute italienische K\u00fccheSo funktioniert der check<\/p>\n","protected":false},"excerpt":{"rendered":"Pizzeria \u201eBelli Momenti\u201c im Check Neuer\u00f6ffnung k\u00f6nnte zum Renner im Dortmunder Westen werden Beate D\u00f6nnewald Redakteurin Nicht nur&hellip;\n","protected":false},"author":2,"featured_media":529723,"comment_status":"","ping_status":"","sticky":false,"template":"","format":"standard","meta":{"footnotes":""},"categories":[1833],"tags":[3364,29,217,701,30,1209,41319],"class_list":{"0":"post-529722","1":"post","2":"type-post","3":"status-publish","4":"format-standard","5":"has-post-thumbnail","7":"category-dortmund","8":"tag-de","9":"tag-deutschland","10":"tag-dortmund","11":"tag-essen-trinken","12":"tag-germany","13":"tag-nordrhein-westfalen","14":"tag-restaurant-check"},"share_on_mastodon":{"url":"https:\/\/pubeurope.com\/@de\/115444240302743937","error":""},"_links":{"self":[{"href":"https:\/\/www.europesays.com\/de\/wp-json\/wp\/v2\/posts\/529722","targetHints":{"allow":["GET"]}}],"collection":[{"href":"https:\/\/www.europesays.com\/de\/wp-json\/wp\/v2\/posts"}],"about":[{"href":"https:\/\/www.europesays.com\/de\/wp-json\/wp\/v2\/types\/post"}],"author":[{"embeddable":true,"href":"https:\/\/www.europesays.com\/de\/wp-json\/wp\/v2\/users\/2"}],"replies":[{"embeddable":true,"href":"https:\/\/www.europesays.com\/de\/wp-json\/wp\/v2\/comments?post=529722"}],"version-history":[{"count":0,"href":"https:\/\/www.europesays.com\/de\/wp-json\/wp\/v2\/posts\/529722\/revisions"}],"wp:featuredmedia":[{"embeddable":true,"href":"https:\/\/www.europesays.com\/de\/wp-json\/wp\/v2\/media\/529723"}],"wp:attachment":[{"href":"https:\/\/www.europesays.com\/de\/wp-json\/wp\/v2\/media?parent=529722"}],"wp:term":[{"taxonomy":"category","embeddable":true,"href":"https:\/\/www.europesays.com\/de\/wp-json\/wp\/v2\/categories?post=529722"},{"taxonomy":"post_tag","embeddable":true,"href":"https:\/\/www.europesays.com\/de\/wp-json\/wp\/v2\/tags?post=529722"}],"curies":[{"name":"wp","href":"https:\/\/api.w.org\/{rel}","templated":true}]}}