{"id":529731,"date":"2025-10-27T04:31:12","date_gmt":"2025-10-27T04:31:12","guid":{"rendered":"https:\/\/www.europesays.com\/de\/529731\/"},"modified":"2025-10-27T04:31:12","modified_gmt":"2025-10-27T04:31:12","slug":"ueberhoehte-mieten-in-stuttgart-mietwucher-in-stuttgart-die-stadt-darf-nicht-wegschauen-krz-plus","status":"publish","type":"post","link":"https:\/\/www.europesays.com\/de\/529731\/","title":{"rendered":"\u00dcberh\u00f6hte Mieten in Stuttgart: Mietwucher in Stuttgart \u2013 \u201eDie Stadt darf nicht wegschauen\u201c &#8211; KRZ Plus"},"content":{"rendered":"<p>Was macht die Stadt gegen \u00fcberh\u00f6hte Mieten in Stuttgart, wie greift sie ein? Laut Rolf Ga\u00dfmann k\u00f6nnen Vermieter einfach machen. Die Stadt verteidigt sich.<\/p>\n<p>Rolf Ga\u00dfmann, der Vorsitzende des Mietervereins <a href=\"https:\/\/www.krzbb.de\/thema\/Stuttgart\" title=\"Stuttgart\" class=\"art_thema\" target=\"_blank\" rel=\"noopener\">Stuttgart<\/a>, erhebt schwere Vorw\u00fcrfe gegen die Stadt: \u201eWir haben inzwischen den Eindruck, dass die Stadt Stuttgart gar nichts gegen <a href=\"https:\/\/www.krzbb.de\/inhalt.nach-kritik-oberbuergermeister-werden-zur-mietpreisbremse-gehoert.a15e966c-b027-4cfa-8a42-449f651d3331.html\" target=\"_blank\" rel=\"noopener\">\u00fcberh\u00f6hte Mieten <\/a>unternimmt\u201c. <\/p>\n","protected":false},"excerpt":{"rendered":"Was macht die Stadt gegen \u00fcberh\u00f6hte Mieten in Stuttgart, wie greift sie ein? Laut Rolf Ga\u00dfmann k\u00f6nnen Vermieter&hellip;\n","protected":false},"author":2,"featured_media":529732,"comment_status":"","ping_status":"","sticky":false,"template":"","format":"standard","meta":{"footnotes":""},"categories":[1830],"tags":[1634,3364,29,30,7134,2295,49520,30745,828,1441,130285],"class_list":{"0":"post-529731","1":"post","2":"type-post","3":"status-publish","4":"format-standard","5":"has-post-thumbnail","7":"category-stuttgart","8":"tag-baden-wuerttemberg","9":"tag-de","10":"tag-deutschland","11":"tag-germany","12":"tag-mieten","13":"tag-mieter","14":"tag-mieterverein","15":"tag-mietwucher","16":"tag-preis","17":"tag-stuttgart","18":"tag-wucher"},"share_on_mastodon":{"url":"https:\/\/pubeurope.com\/@de\/115444258237160881","error":""},"_links":{"self":[{"href":"https:\/\/www.europesays.com\/de\/wp-json\/wp\/v2\/posts\/529731","targetHints":{"allow":["GET"]}}],"collection":[{"href":"https:\/\/www.europesays.com\/de\/wp-json\/wp\/v2\/posts"}],"about":[{"href":"https:\/\/www.europesays.com\/de\/wp-json\/wp\/v2\/types\/post"}],"author":[{"embeddable":true,"href":"https:\/\/www.europesays.com\/de\/wp-json\/wp\/v2\/users\/2"}],"replies":[{"embeddable":true,"href":"https:\/\/www.europesays.com\/de\/wp-json\/wp\/v2\/comments?post=529731"}],"version-history":[{"count":0,"href":"https:\/\/www.europesays.com\/de\/wp-json\/wp\/v2\/posts\/529731\/revisions"}],"wp:featuredmedia":[{"embeddable":true,"href":"https:\/\/www.europesays.com\/de\/wp-json\/wp\/v2\/media\/529732"}],"wp:attachment":[{"href":"https:\/\/www.europesays.com\/de\/wp-json\/wp\/v2\/media?parent=529731"}],"wp:term":[{"taxonomy":"category","embeddable":true,"href":"https:\/\/www.europesays.com\/de\/wp-json\/wp\/v2\/categories?post=529731"},{"taxonomy":"post_tag","embeddable":true,"href":"https:\/\/www.europesays.com\/de\/wp-json\/wp\/v2\/tags?post=529731"}],"curies":[{"name":"wp","href":"https:\/\/api.w.org\/{rel}","templated":true}]}}